{"id":7541,"date":"2023-09-28T11:42:00","date_gmt":"2023-09-28T12:42:00","guid":{"rendered":"https:\/\/ipc.cv\/?post_type=noticias&#038;p=7541"},"modified":"2023-12-11T15:47:55","modified_gmt":"2023-12-11T16:47:55","slug":"ipc-promove-acao-de-capacitacao-em-sistema-de-bancarizacao-e-gestao-de-recursos-humanos","status":"publish","type":"noticias","link":"https:\/\/ipc.cv\/fr\/noticias\/ipc-promove-acao-de-capacitacao-em-sistema-de-bancarizacao-e-gestao-de-recursos-humanos\/","title":{"rendered":"IPC promove a\u00e7\u00e3o de capacita\u00e7\u00e3o em sistema de bancariza\u00e7\u00e3o e Gest\u00e3o de Recursos Humanos"},"content":{"rendered":"<p>O Instituto do Patrim\u00f3nio Cultural, em parceria com o DGT e a DNAP promoveu no passado dia 21 e 22 de setembro, uma a\u00e7\u00e3o de capacita\u00e7\u00e3o aos t\u00e9cnicos afetos \u00e0s Dire\u00e7\u00f5es Administrativa e Financeira, dos Museus e dos Monumentos e S\u00edtios subordinadas \u00e0 quest\u00e3o da bancariza\u00e7\u00e3o e a gest\u00e3o dos recursos humanos mediante a plataforma da Administra\u00e7\u00e3o P\u00fablica.<\/p>\n\n\n\n<p>Uma a\u00e7\u00e3o, direcionada aos t\u00e9cnicos que trabalham em museus e monumentos hist\u00f3ricos que integram o circuito tur\u00edstico e aos t\u00e9cnicos respons\u00e1veis pela \u00e1rea da gest\u00e3o administrativa e dos recursos humanos do IPC.<\/p>\n\n\n\n<figure class=\"wp-block-gallery has-nested-images columns-default is-cropped wp-block-gallery-1 is-layout-flex wp-block-gallery-is-layout-flex\">\n<figure class=\"wp-block-image size-large\"><img fetchpriority=\"high\" decoding=\"async\" width=\"1024\" height=\"683\" data-id=\"7543\" src=\"https:\/\/ipc.cv\/wp-content\/uploads\/2023\/12\/IPC-promove-acao-de-capacitacao-em-sistema-de-bancarizacao-e-Gestao-de-Recursos-Huma-1024x683.jpg\" alt=\"\" class=\"wp-image-7543\" srcset=\"https:\/\/ipc.cv\/wp-content\/uploads\/2023\/12\/IPC-promove-acao-de-capacitacao-em-sistema-de-bancarizacao-e-Gestao-de-Recursos-Huma-1024x683.jpg 1024w, https:\/\/ipc.cv\/wp-content\/uploads\/2023\/12\/IPC-promove-acao-de-capacitacao-em-sistema-de-bancarizacao-e-Gestao-de-Recursos-Huma-300x200.jpg 300w, https:\/\/ipc.cv\/wp-content\/uploads\/2023\/12\/IPC-promove-acao-de-capacitacao-em-sistema-de-bancarizacao-e-Gestao-de-Recursos-Huma-768x512.jpg 768w, https:\/\/ipc.cv\/wp-content\/uploads\/2023\/12\/IPC-promove-acao-de-capacitacao-em-sistema-de-bancarizacao-e-Gestao-de-Recursos-Huma-18x12.jpg 18w, https:\/\/ipc.cv\/wp-content\/uploads\/2023\/12\/IPC-promove-acao-de-capacitacao-em-sistema-de-bancarizacao-e-Gestao-de-Recursos-Huma.jpg 1280w\" sizes=\"(max-width: 1024px) 100vw, 1024px\" \/><\/figure>\n\n\n\n<figure class=\"wp-block-image size-large\"><img decoding=\"async\" width=\"1024\" height=\"683\" data-id=\"7544\" src=\"https:\/\/ipc.cv\/wp-content\/uploads\/2023\/12\/IPC-promove-acao-de-capacitacao-em-sistema-de-bancarizacao-e-Gestao-de-Recursos-Human-1024x683.jpg\" alt=\"\" class=\"wp-image-7544\" srcset=\"https:\/\/ipc.cv\/wp-content\/uploads\/2023\/12\/IPC-promove-acao-de-capacitacao-em-sistema-de-bancarizacao-e-Gestao-de-Recursos-Human-1024x683.jpg 1024w, https:\/\/ipc.cv\/wp-content\/uploads\/2023\/12\/IPC-promove-acao-de-capacitacao-em-sistema-de-bancarizacao-e-Gestao-de-Recursos-Human-300x200.jpg 300w, https:\/\/ipc.cv\/wp-content\/uploads\/2023\/12\/IPC-promove-acao-de-capacitacao-em-sistema-de-bancarizacao-e-Gestao-de-Recursos-Human-768x512.jpg 768w, https:\/\/ipc.cv\/wp-content\/uploads\/2023\/12\/IPC-promove-acao-de-capacitacao-em-sistema-de-bancarizacao-e-Gestao-de-Recursos-Human-18x12.jpg 18w, https:\/\/ipc.cv\/wp-content\/uploads\/2023\/12\/IPC-promove-acao-de-capacitacao-em-sistema-de-bancarizacao-e-Gestao-de-Recursos-Human.jpg 1280w\" sizes=\"(max-width: 1024px) 100vw, 1024px\" \/><\/figure>\n\n\n\n<figure class=\"wp-block-image size-large\"><img decoding=\"async\" width=\"1024\" height=\"683\" data-id=\"7546\" src=\"https:\/\/ipc.cv\/wp-content\/uploads\/2023\/12\/IPC-promove-acao-de-capacitacao-em-sistema-de-bancarizacao-e-Gestao-de-Recursos-Humano-1024x683.jpg\" alt=\"\" class=\"wp-image-7546\" srcset=\"https:\/\/ipc.cv\/wp-content\/uploads\/2023\/12\/IPC-promove-acao-de-capacitacao-em-sistema-de-bancarizacao-e-Gestao-de-Recursos-Humano-1024x683.jpg 1024w, https:\/\/ipc.cv\/wp-content\/uploads\/2023\/12\/IPC-promove-acao-de-capacitacao-em-sistema-de-bancarizacao-e-Gestao-de-Recursos-Humano-300x200.jpg 300w, https:\/\/ipc.cv\/wp-content\/uploads\/2023\/12\/IPC-promove-acao-de-capacitacao-em-sistema-de-bancarizacao-e-Gestao-de-Recursos-Humano-768x512.jpg 768w, https:\/\/ipc.cv\/wp-content\/uploads\/2023\/12\/IPC-promove-acao-de-capacitacao-em-sistema-de-bancarizacao-e-Gestao-de-Recursos-Humano-18x12.jpg 18w, https:\/\/ipc.cv\/wp-content\/uploads\/2023\/12\/IPC-promove-acao-de-capacitacao-em-sistema-de-bancarizacao-e-Gestao-de-Recursos-Humano.jpg 1280w\" sizes=\"(max-width: 1024px) 100vw, 1024px\" \/><\/figure>\n\n\n\n<figure class=\"wp-block-image size-large\"><img loading=\"lazy\" decoding=\"async\" width=\"1024\" height=\"683\" data-id=\"7545\" src=\"https:\/\/ipc.cv\/wp-content\/uploads\/2023\/12\/IPC-promove-acao-de-capacitacao-em-sistema-de-bancarizacao-e-Gestao-de-Recursos-Humanos-1024x683.jpg\" alt=\"\" class=\"wp-image-7545\" srcset=\"https:\/\/ipc.cv\/wp-content\/uploads\/2023\/12\/IPC-promove-acao-de-capacitacao-em-sistema-de-bancarizacao-e-Gestao-de-Recursos-Humanos-1024x683.jpg 1024w, https:\/\/ipc.cv\/wp-content\/uploads\/2023\/12\/IPC-promove-acao-de-capacitacao-em-sistema-de-bancarizacao-e-Gestao-de-Recursos-Humanos-300x200.jpg 300w, https:\/\/ipc.cv\/wp-content\/uploads\/2023\/12\/IPC-promove-acao-de-capacitacao-em-sistema-de-bancarizacao-e-Gestao-de-Recursos-Humanos-768x512.jpg 768w, https:\/\/ipc.cv\/wp-content\/uploads\/2023\/12\/IPC-promove-acao-de-capacitacao-em-sistema-de-bancarizacao-e-Gestao-de-Recursos-Humanos-18x12.jpg 18w, https:\/\/ipc.cv\/wp-content\/uploads\/2023\/12\/IPC-promove-acao-de-capacitacao-em-sistema-de-bancarizacao-e-Gestao-de-Recursos-Humanos.jpg 1280w\" sizes=\"(max-width: 1024px) 100vw, 1024px\" \/><\/figure>\n<\/figure>\n\n\n\n<p>A primeira forma\u00e7\u00e3o ministrada pela DGT, foi marcada pela demonstra\u00e7\u00e3o das funcionalidades do sistema de bancariza\u00e7\u00e3o de forma a haver um melhor controlo da tesouraria do Estado, racionaliza\u00e7\u00e3o do processo, arrecada\u00e7\u00e3o e controlo das receitas cobradas, uniformiza\u00e7\u00e3o e especifica\u00e7\u00e3o dos processos de cobran\u00e7a (DUC), em vista a uma gest\u00e3o transparente, segura e eficiente dos recursos financeiros da institui\u00e7\u00e3o.<\/p>\n\n\n\n<p>Durante a segunda parte trabalhou-se as funcionalidades da Base de Dados da Administra\u00e7\u00e3o P\u00fablica, bem como o processo da avalia\u00e7\u00e3o do desempenho dos funcion\u00e1rios, decreto lei 12\/2020.<\/p>\n\n\n\n<p>Um sistema que vai integrar todas as institui\u00e7\u00f5es do estado, atrav\u00e9s do qual se gerem todas as quest\u00f5es relativas aos recursos humanos, nomeadamente no concernente ao processo de avalia\u00e7\u00e3o de desempenho, progress\u00f5es, licen\u00e7as, reformas entre outros.<\/p>\n\n\n\n<p>De real\u00e7ar que a forma\u00e7\u00e3o foi ministrada pelo coordenador da Unidade de Tecnologias, Inova\u00e7\u00e3o e Comunica\u00e7\u00e3o, (UTIC), Didier Lima e pelo Gestor da Dire\u00e7\u00e3o Geral do Tesouro, Gilson Cabral, do Minist\u00e9rio das Finan\u00e7as.<\/p>","protected":false},"excerpt":{"rendered":"<p>O Instituto do Patrim\u00f3nio Cultural, em parceria com o DGT e a DNAP promoveu no passado dia 21 e 22 de setembro, uma a\u00e7\u00e3o de capacita\u00e7\u00e3o aos t\u00e9cnicos afetos \u00e0s Dire\u00e7\u00f5es Administrativa e Financeira, dos Museus e dos Monumentos e S\u00edtios subordinadas \u00e0 quest\u00e3o da bancariza\u00e7\u00e3o e a gest\u00e3o dos recursos humanos mediante a plataforma [&hellip;]<\/p>\n","protected":false},"featured_media":7542,"template":"","meta":[],"tags":[],"class_list":["post-7541","noticias","type-noticias","status-publish","has-post-thumbnail","hentry"],"_links":{"self":[{"href":"https:\/\/ipc.cv\/fr\/wp-json\/wp\/v2\/noticias\/7541","targetHints":{"allow":["GET"]}}],"collection":[{"href":"https:\/\/ipc.cv\/fr\/wp-json\/wp\/v2\/noticias"}],"about":[{"href":"https:\/\/ipc.cv\/fr\/wp-json\/wp\/v2\/types\/noticias"}],"wp:featuredmedia":[{"embeddable":true,"href":"https:\/\/ipc.cv\/fr\/wp-json\/wp\/v2\/media\/7542"}],"wp:attachment":[{"href":"https:\/\/ipc.cv\/fr\/wp-json\/wp\/v2\/media?parent=7541"}],"wp:term":[{"taxonomy":"post_tag","embeddable":true,"href":"https:\/\/ipc.cv\/fr\/wp-json\/wp\/v2\/tags?post=7541"}],"curies":[{"name":"wp","href":"https:\/\/api.w.org\/{rel}","templated":true}]}}