{"id":7145,"date":"2023-04-14T14:08:00","date_gmt":"2023-04-14T15:08:00","guid":{"rendered":"https:\/\/ipc.cv\/?post_type=noticias&#038;p=7145"},"modified":"2023-06-02T14:10:36","modified_gmt":"2023-06-02T15:10:36","slug":"abertura-da-formacao-conxi-pa-preserva-e-valoriza","status":"publish","type":"noticias","link":"https:\/\/ipc.cv\/fr\/noticias\/abertura-da-formacao-conxi-pa-preserva-e-valoriza\/","title":{"rendered":"Abertura da forma\u00e7\u00e3o \u201cConxi pa preserva e valoriza\u201d"},"content":{"rendered":"<p>Iniciou no passado s\u00e1bado, 15 de abril, no Convento de S\u00e3o Francisco, Cidade Velha, Patrim\u00f3nio Mundial, a forma\u00e7\u00e3o \u201cConxi pa preserva e valoriza\u201d.<\/p>\n\n\n\n<p>Uma forma\u00e7\u00e3o direcionada aos l\u00edderes da Rede das Associa\u00e7\u00f5es Comunit\u00e1rias e Movimentos Sociais da cidade da Praia (RACMSP), cujo objetivo \u00e9 trabalhar numa perspetiva de motivar as associa\u00e7\u00f5es comunit\u00e1rias a ter presente a cultura e o patrim\u00f3nio como uma das ferramentas de <a><\/a>interven\u00e7\u00e3o nas comunidades.<\/p>\n\n\n\n<p>Durante a forma\u00e7\u00e3o, que ter\u00e1 continuidade no dia 22 de abril, foram abordados os conceitos de patrim\u00f3nio (material e imaterial), como \u00e9 que as associa\u00e7\u00f5es, estando dentro das comunidades, podem ser os guardi\u00f5es do patrim\u00f3nio e apoiar as institui\u00e7\u00f5es e a pr\u00f3pria comunidade no processo de inventario de potenciais valores culturais e os meios mais adequados para a sua valoriza\u00e7\u00e3o no contexto do desenvolvimento local.<\/p>\n\n\n\n<p>Esta abordagem materializa as ferramentas participativas previstas nas Conven\u00e7\u00f5es do Patrim\u00f3nio Cultural e na legisla\u00e7\u00e3o nacional sobre o patrim\u00f3nio.<\/p>\n\n\n\n<p>De real\u00e7ar que a forma\u00e7\u00e3o desenvolvida pelo Gabinete de Educa\u00e7\u00e3o Patrimonial do IPC, enquadra-se no \u00e2mbito das comemora\u00e7\u00f5es do dia 18 de Abril, Dia Internacional do Monumentos e S\u00edtios que tem como Lema \u201cPatrim\u00f3nio e Mudan\u00e7a\u201d.<\/p>\n\n\n\n<p>S\u00e3o formadores, os t\u00e9cnicos do IPC, Admilson Mendes, Martinho Brito e Eug\u00e9nia Alves. A abertura da forma\u00e7\u00e3o foi realizada pela presidente do Instituto do Patrim\u00f3nio Cultural, Ana Samira Silva Baessa.<\/p>","protected":false},"excerpt":{"rendered":"<p>Iniciou no passado s\u00e1bado, 15 de abril, no Convento de S\u00e3o Francisco, Cidade Velha, Patrim\u00f3nio Mundial, a forma\u00e7\u00e3o \u201cConxi pa preserva e valoriza\u201d. Uma forma\u00e7\u00e3o direcionada aos l\u00edderes da Rede das Associa\u00e7\u00f5es Comunit\u00e1rias e Movimentos Sociais da cidade da Praia (RACMSP), cujo objetivo \u00e9 trabalhar numa perspetiva de motivar as associa\u00e7\u00f5es comunit\u00e1rias a ter presente [&hellip;]<\/p>\n","protected":false},"featured_media":7146,"template":"","meta":[],"tags":[],"class_list":["post-7145","noticias","type-noticias","status-publish","has-post-thumbnail","hentry"],"_links":{"self":[{"href":"https:\/\/ipc.cv\/fr\/wp-json\/wp\/v2\/noticias\/7145","targetHints":{"allow":["GET"]}}],"collection":[{"href":"https:\/\/ipc.cv\/fr\/wp-json\/wp\/v2\/noticias"}],"about":[{"href":"https:\/\/ipc.cv\/fr\/wp-json\/wp\/v2\/types\/noticias"}],"wp:featuredmedia":[{"embeddable":true,"href":"https:\/\/ipc.cv\/fr\/wp-json\/wp\/v2\/media\/7146"}],"wp:attachment":[{"href":"https:\/\/ipc.cv\/fr\/wp-json\/wp\/v2\/media?parent=7145"}],"wp:term":[{"taxonomy":"post_tag","embeddable":true,"href":"https:\/\/ipc.cv\/fr\/wp-json\/wp\/v2\/tags?post=7145"}],"curies":[{"name":"wp","href":"https:\/\/api.w.org\/{rel}","templated":true}]}}