{"id":7040,"date":"2023-03-14T16:09:00","date_gmt":"2023-03-14T17:09:00","guid":{"rendered":"https:\/\/ipc.cv\/?post_type=noticias&#038;p=7040"},"modified":"2023-03-28T13:16:13","modified_gmt":"2023-03-28T14:16:13","slug":"museu-do-campo-de-concentracao-do-tarrafal-recebe-visita-dos-presidentes-da-republica-de-cabo-verde-e-de-sao-tome-e-principe","status":"publish","type":"noticias","link":"https:\/\/ipc.cv\/fr\/noticias\/museu-do-campo-de-concentracao-do-tarrafal-recebe-visita-dos-presidentes-da-republica-de-cabo-verde-e-de-sao-tome-e-principe\/","title":{"rendered":"Museu do Campo de Concentra\u00e7\u00e3o do Tarrafal recebe visita dos Presidentes da Rep\u00fablica de Cabo Verde e de S\u00e3o Tom\u00e9 e Pr\u00edncipe"},"content":{"rendered":"<p>O Presidente da Rep\u00fablica de Cabo Verde, Jos\u00e9 Maria Neves, o seu hom\u00f3logo Santomense Carlos Manuel Vila Nova, as primeiras damas e comitivas realizaram esta manh\u00e3 uma visita ao Museu de Campo de Concentra\u00e7\u00e3o do Tarrafal.<\/p>\n\n\n\n<p>Esta visita acontece no \u00e2mbito da Visita de Estado do Presidente da Rep\u00fablica de S\u00e3o Tom\u00e9 ao pa\u00eds, e que serviu para perceber in loco o contexto de funcionamento do Campo, sob a exida do regime salazarista onde predominou hediondo pr\u00e1ticas ideol\u00f3gicas de aprisionamento de toda e qualquer liberdade que se opusesse ao regime.<\/p>\n\n\n\n<figure class=\"wp-block-gallery has-nested-images columns-default is-cropped wp-block-gallery-1 is-layout-flex wp-block-gallery-is-layout-flex\">\n<figure class=\"wp-block-image size-large\"><img fetchpriority=\"high\" decoding=\"async\" width=\"1024\" height=\"683\" data-id=\"7042\" src=\"https:\/\/ipc.cv\/wp-content\/uploads\/2023\/03\/Museu-do-Campo-de-Concentracao-do-Tarrafal-recebe-vista--1024x683.jpg\" alt=\"\" class=\"wp-image-7042\" srcset=\"https:\/\/ipc.cv\/wp-content\/uploads\/2023\/03\/Museu-do-Campo-de-Concentracao-do-Tarrafal-recebe-vista--1024x683.jpg 1024w, https:\/\/ipc.cv\/wp-content\/uploads\/2023\/03\/Museu-do-Campo-de-Concentracao-do-Tarrafal-recebe-vista--300x200.jpg 300w, https:\/\/ipc.cv\/wp-content\/uploads\/2023\/03\/Museu-do-Campo-de-Concentracao-do-Tarrafal-recebe-vista--768x512.jpg 768w, https:\/\/ipc.cv\/wp-content\/uploads\/2023\/03\/Museu-do-Campo-de-Concentracao-do-Tarrafal-recebe-vista--1536x1024.jpg 1536w, https:\/\/ipc.cv\/wp-content\/uploads\/2023\/03\/Museu-do-Campo-de-Concentracao-do-Tarrafal-recebe-vista--18x12.jpg 18w, https:\/\/ipc.cv\/wp-content\/uploads\/2023\/03\/Museu-do-Campo-de-Concentracao-do-Tarrafal-recebe-vista-.jpg 2048w\" sizes=\"(max-width: 1024px) 100vw, 1024px\" \/><\/figure>\n\n\n\n<figure class=\"wp-block-image size-large\"><img decoding=\"async\" width=\"1024\" height=\"683\" data-id=\"7044\" src=\"https:\/\/ipc.cv\/wp-content\/uploads\/2023\/03\/Museu-do-Campo-de-Concentracao-do-Tarrafal-recebe-1024x683.jpg\" alt=\"\" class=\"wp-image-7044\" srcset=\"https:\/\/ipc.cv\/wp-content\/uploads\/2023\/03\/Museu-do-Campo-de-Concentracao-do-Tarrafal-recebe-1024x683.jpg 1024w, https:\/\/ipc.cv\/wp-content\/uploads\/2023\/03\/Museu-do-Campo-de-Concentracao-do-Tarrafal-recebe-300x200.jpg 300w, https:\/\/ipc.cv\/wp-content\/uploads\/2023\/03\/Museu-do-Campo-de-Concentracao-do-Tarrafal-recebe-768x512.jpg 768w, https:\/\/ipc.cv\/wp-content\/uploads\/2023\/03\/Museu-do-Campo-de-Concentracao-do-Tarrafal-recebe-1536x1024.jpg 1536w, https:\/\/ipc.cv\/wp-content\/uploads\/2023\/03\/Museu-do-Campo-de-Concentracao-do-Tarrafal-recebe-18x12.jpg 18w, https:\/\/ipc.cv\/wp-content\/uploads\/2023\/03\/Museu-do-Campo-de-Concentracao-do-Tarrafal-recebe.jpg 2048w\" sizes=\"(max-width: 1024px) 100vw, 1024px\" \/><\/figure>\n\n\n\n<figure class=\"wp-block-image size-large\"><img decoding=\"async\" width=\"1024\" height=\"683\" data-id=\"7043\" src=\"https:\/\/ipc.cv\/wp-content\/uploads\/2023\/03\/Museu-do-Campo-de-Concentracao-do-Tarrafal-1024x683.jpg\" alt=\"\" class=\"wp-image-7043\" srcset=\"https:\/\/ipc.cv\/wp-content\/uploads\/2023\/03\/Museu-do-Campo-de-Concentracao-do-Tarrafal-1024x683.jpg 1024w, https:\/\/ipc.cv\/wp-content\/uploads\/2023\/03\/Museu-do-Campo-de-Concentracao-do-Tarrafal-300x200.jpg 300w, https:\/\/ipc.cv\/wp-content\/uploads\/2023\/03\/Museu-do-Campo-de-Concentracao-do-Tarrafal-768x512.jpg 768w, https:\/\/ipc.cv\/wp-content\/uploads\/2023\/03\/Museu-do-Campo-de-Concentracao-do-Tarrafal-1536x1024.jpg 1536w, https:\/\/ipc.cv\/wp-content\/uploads\/2023\/03\/Museu-do-Campo-de-Concentracao-do-Tarrafal-18x12.jpg 18w, https:\/\/ipc.cv\/wp-content\/uploads\/2023\/03\/Museu-do-Campo-de-Concentracao-do-Tarrafal.jpg 2048w\" sizes=\"(max-width: 1024px) 100vw, 1024px\" \/><\/figure>\n<\/figure>\n\n\n\n<p>\u201cS\u00e3o mem\u00f3rias, e acabamos por perceber isto, mas que a forma mais correta de valorizar tudo que aqui se passou \u00e9 ver que tudo isto custou a eles e que a n\u00f3s valer a liberdade. Foi uma forma dolorosa de n\u00f3s hoje termos a liberdade em que vivemos e isto n\u00f3s temos que valorizar\u201d &#8211; Carlos Manuel Vila Nova.<\/p>\n\n\n\n<p>Durante a visita enfatizou a import\u00e2ncia de seguir em frente e construir um pa\u00eds moderno, com condi\u00e7\u00f5es de bem-estar e desenvolvimento para que tudo que se passou no espa\u00e7o n\u00e3o tenha sido em v\u00e3o.<\/p>\n\n\n\n<p>Por sua vez, Jos\u00e9 Maria Neves disse que o Campo de Concentra\u00e7\u00e3o do Tarrafal \u00e9 um monumento hist\u00f3rico que representa a \u201cirmandade entre os pa\u00edses africanos que falam a l\u00edngua portuguesa que tiveram uma luta comum. A visita foi extremamente importante porque \u00e9 um dever de mem\u00f3ria para sabermos o quanto custou a liberdade, o quanto custou ganharmos o nosso pa\u00eds e a possibilidade de ter o nosso destino nas nossas pr\u00f3prias m\u00e3os e podermos escrever o nosso futuro\u201d.<\/p>\n\n\n\n<p>Neves afirmou ainda que a melhor forma de homenagear todos os presos que passaram pelo \u201ccampo da morte lenta\u201d \u00e9 trabalhar para termos um pa\u00eds onde todos possa viver com liberdade e dignidade.<\/p>\n\n\n\n<p>Recorde-se que o Campo de Concentra\u00e7\u00e3o recebeu ao longo do seu funcionamento 340 antifascistas e 230 anticolonialistas angolanos, guineenses, cabo-verdianos , e hoje integra a lista indicativa de Cabo Verde junto da UNESCO sob a \u00e9gide da Conven\u00e7\u00e3o para a prote\u00e7\u00e3o do Patrim\u00f3nio Mundial Cultural e Natural, de 1972.<\/p>","protected":false},"excerpt":{"rendered":"<p>O Presidente da Rep\u00fablica de Cabo Verde, Jos\u00e9 Maria Neves, o seu hom\u00f3logo Santomense Carlos Manuel Vila Nova, as primeiras damas e comitivas realizaram esta manh\u00e3 uma visita ao Museu de Campo de Concentra\u00e7\u00e3o do Tarrafal. Esta visita acontece no \u00e2mbito da Visita de Estado do Presidente da Rep\u00fablica de S\u00e3o Tom\u00e9 ao pa\u00eds, e [&hellip;]<\/p>\n","protected":false},"featured_media":7041,"template":"","meta":[],"tags":[],"class_list":["post-7040","noticias","type-noticias","status-publish","has-post-thumbnail","hentry"],"_links":{"self":[{"href":"https:\/\/ipc.cv\/fr\/wp-json\/wp\/v2\/noticias\/7040","targetHints":{"allow":["GET"]}}],"collection":[{"href":"https:\/\/ipc.cv\/fr\/wp-json\/wp\/v2\/noticias"}],"about":[{"href":"https:\/\/ipc.cv\/fr\/wp-json\/wp\/v2\/types\/noticias"}],"wp:featuredmedia":[{"embeddable":true,"href":"https:\/\/ipc.cv\/fr\/wp-json\/wp\/v2\/media\/7041"}],"wp:attachment":[{"href":"https:\/\/ipc.cv\/fr\/wp-json\/wp\/v2\/media?parent=7040"}],"wp:term":[{"taxonomy":"post_tag","embeddable":true,"href":"https:\/\/ipc.cv\/fr\/wp-json\/wp\/v2\/tags?post=7040"}],"curies":[{"name":"wp","href":"https:\/\/api.w.org\/{rel}","templated":true}]}}