{"id":6980,"date":"2022-01-12T16:18:00","date_gmt":"2022-01-12T17:18:00","guid":{"rendered":"https:\/\/ipc.cv\/?post_type=noticias&#038;p=6980"},"modified":"2023-02-15T15:21:38","modified_gmt":"2023-02-15T16:21:38","slug":"evolucao-das-entradas-nos-museus-de-cabo-verde-2019-2022","status":"publish","type":"noticias","link":"https:\/\/ipc.cv\/fr\/noticias\/evolucao-das-entradas-nos-museus-de-cabo-verde-2019-2022\/","title":{"rendered":"Evolu\u00e7\u00e3o das entradas nos Museus de Cabo Verde 2019 \u2013 2022"},"content":{"rendered":"<p>N\u00fameros que ultrapassaram a cifra do ano transato com um aumento de 179%. O principal segmento foram os turistas estrangeiros (61%), e o museu mais visitado foi o Campo de Concentra\u00e7\u00e3o do Tarrafal com 38% das visitas.<\/p>\n\n\n\n<p>Este aumento reflete algumas das a\u00e7\u00f5es implementadas ao longo dos \u00faltimos anos, principalmente no que tange \u00e0 implementa\u00e7\u00e3o de uma nova din\u00e2mica dos museus nacionais com a melhoria do seu posicionamento no contexto educativo e tur\u00edstico e ainda a inova\u00e7\u00e3o \u00e1 n\u00edvel dos conte\u00fados.<\/p>\n\n\n\n<p>Estes dados justificam os investimentos j\u00e1 efetuados e os novos projetos em curso para a ano 2023 no Museu do Mar, no Museu de Arqueologia da Praia, no Museu Norberto Tavares, no Museu do Sal, Museu da Tabanca, no N\u00facleo Ces\u00e1ria \u00c9vora e, ainda, a cria\u00e7\u00e3o do Museu de Arqueologia da Boa Vista e o Museu de S\u00e3o Filipe a gerir em parceria com o respetivo munic\u00edpio.<\/p>","protected":false},"excerpt":{"rendered":"<p>N\u00fameros que ultrapassaram a cifra do ano transato com um aumento de 179%. O principal segmento foram os turistas estrangeiros (61%), e o museu mais visitado foi o Campo de Concentra\u00e7\u00e3o do Tarrafal com 38% das visitas. Este aumento reflete algumas das a\u00e7\u00f5es implementadas ao longo dos \u00faltimos anos, principalmente no que tange \u00e0 implementa\u00e7\u00e3o [&hellip;]<\/p>\n","protected":false},"featured_media":6981,"template":"","meta":[],"tags":[],"class_list":["post-6980","noticias","type-noticias","status-publish","has-post-thumbnail","hentry"],"_links":{"self":[{"href":"https:\/\/ipc.cv\/fr\/wp-json\/wp\/v2\/noticias\/6980","targetHints":{"allow":["GET"]}}],"collection":[{"href":"https:\/\/ipc.cv\/fr\/wp-json\/wp\/v2\/noticias"}],"about":[{"href":"https:\/\/ipc.cv\/fr\/wp-json\/wp\/v2\/types\/noticias"}],"wp:featuredmedia":[{"embeddable":true,"href":"https:\/\/ipc.cv\/fr\/wp-json\/wp\/v2\/media\/6981"}],"wp:attachment":[{"href":"https:\/\/ipc.cv\/fr\/wp-json\/wp\/v2\/media?parent=6980"}],"wp:term":[{"taxonomy":"post_tag","embeddable":true,"href":"https:\/\/ipc.cv\/fr\/wp-json\/wp\/v2\/tags?post=6980"}],"curies":[{"name":"wp","href":"https:\/\/api.w.org\/{rel}","templated":true}]}}