{"id":17899,"date":"2025-08-26T15:46:00","date_gmt":"2025-08-26T16:46:00","guid":{"rendered":"https:\/\/ipc.cv\/?post_type=noticias&#038;p=17899"},"modified":"2025-09-22T15:47:21","modified_gmt":"2025-09-22T16:47:21","slug":"cabo-verde-reforca-compromisso-com-a-protecao-do-patrimonio-arqueologico-subaquatico","status":"publish","type":"noticias","link":"https:\/\/ipc.cv\/fr\/noticias\/cabo-verde-reforca-compromisso-com-a-protecao-do-patrimonio-arqueologico-subaquatico\/","title":{"rendered":"Cabo Verde refor\u00e7a compromisso com a prote\u00e7\u00e3o do Patrim\u00f3nio Arqueol\u00f3gico Subaqu\u00e1tico"},"content":{"rendered":"<p><a><\/a>Cabo Verde tem feito um trabalho cont\u00ednuo de valoriza\u00e7\u00e3o e preserva\u00e7\u00e3o do seu patrim\u00f3nio.<\/p>\n\n\n\n<p>Este trabalho passa, tamb\u00e9m, pelo refor\u00e7o da capacidade t\u00e9cnica das pessoas que trabalham na \u00e1rea.<\/p>\n\n\n\n<p>Deste modo, o Minist\u00e9rio da Cultura e das Ind\u00fastrias Criativas, atrav\u00e9s do Instituto do Patrim\u00f3nio Cultural, tem realizado cursos e forma\u00e7\u00f5es de melhoria e capacita\u00e7\u00e3o t\u00e9cnica dos seus quadros, mas tamb\u00e9m de todos os que est\u00e3o envolvidos no processo de salvaguarda, valoriza\u00e7\u00e3o e preserva\u00e7\u00e3o do patrim\u00f3nio.<\/p>\n\n\n\n<p>Neste sentido, arrancam nesta segunda-feira, 25 de agosto, dois cursos na cidade da Praia: Acessibilidade em Museus, no Instituto do Patrim\u00f3nio Cultural, e Arqueologia Subaqu\u00e1tica na AECID, este segundo destinado a t\u00e9cnicos, especialistas e membros da Comiss\u00e3o Nacional do Patrim\u00f3nio Subaqu\u00e1tico.<\/p>\n\n\n\n<p>A abertura foi presidida pelo Ministro da Cultura e das Ind\u00fastrias Criativas, Augusto Veiga, que o apontou como materializa\u00e7\u00e3o de um pacto com a heran\u00e7a coletiva comum, em benef\u00edcio de todas as gera\u00e7\u00f5es.<\/p>\n\n\n\n<figure class=\"wp-block-gallery has-nested-images columns-default is-cropped wp-block-gallery-1 is-layout-flex wp-block-gallery-is-layout-flex\">\n<figure class=\"wp-block-image size-large\"><img fetchpriority=\"high\" decoding=\"async\" width=\"683\" height=\"1024\" data-id=\"17903\" src=\"https:\/\/ipc.cv\/wp-content\/uploads\/2025\/09\/539548310_1199272545578487_4917821548429499453_n-683x1024.jpg\" alt=\"\" class=\"wp-image-17903\" srcset=\"https:\/\/ipc.cv\/wp-content\/uploads\/2025\/09\/539548310_1199272545578487_4917821548429499453_n-683x1024.jpg 683w, https:\/\/ipc.cv\/wp-content\/uploads\/2025\/09\/539548310_1199272545578487_4917821548429499453_n-200x300.jpg 200w, https:\/\/ipc.cv\/wp-content\/uploads\/2025\/09\/539548310_1199272545578487_4917821548429499453_n-768x1152.jpg 768w, https:\/\/ipc.cv\/wp-content\/uploads\/2025\/09\/539548310_1199272545578487_4917821548429499453_n-1024x1536.jpg 1024w, https:\/\/ipc.cv\/wp-content\/uploads\/2025\/09\/539548310_1199272545578487_4917821548429499453_n-8x12.jpg 8w, https:\/\/ipc.cv\/wp-content\/uploads\/2025\/09\/539548310_1199272545578487_4917821548429499453_n.jpg 1365w\" sizes=\"(max-width: 683px) 100vw, 683px\" \/><\/figure>\n\n\n\n<figure class=\"wp-block-image size-large\"><img decoding=\"async\" width=\"1024\" height=\"683\" data-id=\"17901\" src=\"https:\/\/ipc.cv\/wp-content\/uploads\/2025\/09\/536282947_1199269048912170_4283754693919595826_n-1024x683.jpg\" alt=\"\" class=\"wp-image-17901\" srcset=\"https:\/\/ipc.cv\/wp-content\/uploads\/2025\/09\/536282947_1199269048912170_4283754693919595826_n-1024x683.jpg 1024w, https:\/\/ipc.cv\/wp-content\/uploads\/2025\/09\/536282947_1199269048912170_4283754693919595826_n-300x200.jpg 300w, https:\/\/ipc.cv\/wp-content\/uploads\/2025\/09\/536282947_1199269048912170_4283754693919595826_n-768x512.jpg 768w, https:\/\/ipc.cv\/wp-content\/uploads\/2025\/09\/536282947_1199269048912170_4283754693919595826_n-1536x1024.jpg 1536w, https:\/\/ipc.cv\/wp-content\/uploads\/2025\/09\/536282947_1199269048912170_4283754693919595826_n-18x12.jpg 18w, https:\/\/ipc.cv\/wp-content\/uploads\/2025\/09\/536282947_1199269048912170_4283754693919595826_n.jpg 2048w\" sizes=\"(max-width: 1024px) 100vw, 1024px\" \/><\/figure>\n\n\n\n<figure class=\"wp-block-image size-large\"><img decoding=\"async\" width=\"678\" height=\"1024\" data-id=\"17902\" src=\"https:\/\/ipc.cv\/wp-content\/uploads\/2025\/09\/539563173_1199268728912202_2594638241182905873_n-678x1024.jpg\" alt=\"\" class=\"wp-image-17902\" srcset=\"https:\/\/ipc.cv\/wp-content\/uploads\/2025\/09\/539563173_1199268728912202_2594638241182905873_n-678x1024.jpg 678w, https:\/\/ipc.cv\/wp-content\/uploads\/2025\/09\/539563173_1199268728912202_2594638241182905873_n-198x300.jpg 198w, https:\/\/ipc.cv\/wp-content\/uploads\/2025\/09\/539563173_1199268728912202_2594638241182905873_n-768x1161.jpg 768w, https:\/\/ipc.cv\/wp-content\/uploads\/2025\/09\/539563173_1199268728912202_2594638241182905873_n-1016x1536.jpg 1016w, https:\/\/ipc.cv\/wp-content\/uploads\/2025\/09\/539563173_1199268728912202_2594638241182905873_n-8x12.jpg 8w, https:\/\/ipc.cv\/wp-content\/uploads\/2025\/09\/539563173_1199268728912202_2594638241182905873_n.jpg 1355w\" sizes=\"(max-width: 678px) 100vw, 678px\" \/><\/figure>\n<\/figure>\n\n\n\n<p>\u201cCabo Verde conserva, nas suas \u00e1guas territoriais, um valioso patrim\u00f3nio subaqu\u00e1tico \u2014 testemunho de s\u00e9culos de intensa navega\u00e7\u00e3o mar\u00edtima, sobretudo entre os s\u00e9culos XV e XVII, quando o arquip\u00e9lago se afirmou como uma das mais relevantes plataformas de liga\u00e7\u00e3o entre \u00c1frica, Europa e Am\u00e9rica\u201d.<\/p>\n\n\n\n<p>A riqueza e a diversidade deste patrim\u00f3nio arqueol\u00f3gico s\u00e3o testemunhos vivos das rotas comerciais, do encontro de povos e culturas e das rela\u00e7\u00f5es que moldaram o mundo atl\u00e2ntico.<\/p>\n\n\n\n<p>Nos \u00faltimos anos, t\u00eam sido implementadas importantes iniciativas cient\u00edficas e de valoriza\u00e7\u00e3o, entre as quais: Refor\u00e7o do quadro legal e institucional; Cataloga\u00e7\u00e3o e georreferencia\u00e7\u00e3o de 132 naufr\u00e1gios em todas as ilhas, no \u00e2mbito do Projeto CONCHA e do Projeto Margulhar, financiados pelo Programa MAC da Uni\u00e3o Europeia (2019-2023); Cria\u00e7\u00e3o do Museu de Arqueologia da Boa Vista, inaugurado em 2023; 1\u00ba Chantier \u00c9cole em Arqueologia Subaqu\u00e1tica, realizado em junho de 2024, na Cidade Velha, com a participa\u00e7\u00e3o de profissionais de oito pa\u00edses africanos; Integra\u00e7\u00e3o em exposi\u00e7\u00f5es internacionais, nomeadamente no Museu de Arqueologia de Nice, no \u00e2mbito da celebra\u00e7\u00e3o do Dia Mundial dos Oceanos 2025.<\/p>\n\n\n\n<figure class=\"wp-block-gallery has-nested-images columns-default is-cropped wp-block-gallery-2 is-layout-flex wp-block-gallery-is-layout-flex\">\n<figure class=\"wp-block-image size-large\"><img loading=\"lazy\" decoding=\"async\" width=\"1024\" height=\"683\" data-id=\"17905\" src=\"https:\/\/ipc.cv\/wp-content\/uploads\/2025\/09\/539025607_1199270072245401_1889661507204244533_n-1024x683.jpg\" alt=\"\" class=\"wp-image-17905\" srcset=\"https:\/\/ipc.cv\/wp-content\/uploads\/2025\/09\/539025607_1199270072245401_1889661507204244533_n-1024x683.jpg 1024w, https:\/\/ipc.cv\/wp-content\/uploads\/2025\/09\/539025607_1199270072245401_1889661507204244533_n-300x200.jpg 300w, https:\/\/ipc.cv\/wp-content\/uploads\/2025\/09\/539025607_1199270072245401_1889661507204244533_n-768x512.jpg 768w, https:\/\/ipc.cv\/wp-content\/uploads\/2025\/09\/539025607_1199270072245401_1889661507204244533_n-1536x1024.jpg 1536w, https:\/\/ipc.cv\/wp-content\/uploads\/2025\/09\/539025607_1199270072245401_1889661507204244533_n-18x12.jpg 18w, https:\/\/ipc.cv\/wp-content\/uploads\/2025\/09\/539025607_1199270072245401_1889661507204244533_n.jpg 2048w\" sizes=\"(max-width: 1024px) 100vw, 1024px\" \/><\/figure>\n\n\n\n<figure class=\"wp-block-image size-large\"><img loading=\"lazy\" decoding=\"async\" width=\"593\" height=\"395\" data-id=\"17904\" src=\"https:\/\/ipc.cv\/wp-content\/uploads\/2025\/09\/539047775_1199267832245625_8832918430283940125_n.jpg\" alt=\"\" class=\"wp-image-17904\" srcset=\"https:\/\/ipc.cv\/wp-content\/uploads\/2025\/09\/539047775_1199267832245625_8832918430283940125_n.jpg 593w, https:\/\/ipc.cv\/wp-content\/uploads\/2025\/09\/539047775_1199267832245625_8832918430283940125_n-300x200.jpg 300w, https:\/\/ipc.cv\/wp-content\/uploads\/2025\/09\/539047775_1199267832245625_8832918430283940125_n-18x12.jpg 18w\" sizes=\"(max-width: 593px) 100vw, 593px\" \/><\/figure>\n<\/figure>\n\n\n\n<p>Iniciativas est\u00e3o que n\u00e3o s\u00e3o a\u00e7\u00f5es isoladas, mas sim parte de uma vis\u00e3o estrat\u00e9gica, alinhada com os princ\u00edpios da Conven\u00e7\u00e3o da UNESCO sobre a Prote\u00e7\u00e3o do Patrim\u00f3nio Cultural Subaqu\u00e1tico, da qual Cabo Verde \u00e9 Estado Parte desde 2008.<\/p>\n\n\n\n<p>\u201cN\u00e3o se trata de a\u00e7\u00f5es pontuais, mas de um caminho estruturado que refor\u00e7a a credibilidade de Cabo Verde e abre portas a novas parcerias, financiamentos e redes internacionais.\u201d<\/p>\n\n\n\n<p>Esta iniciativa, apoiada pela Coopera\u00e7\u00e3o Espanhola atrav\u00e9s do Programa ACERCA da Ag\u00eancia Espanhola de Coopera\u00e7\u00e3o Internacional para o Desenvolvimento, representa um marco no refor\u00e7o de capacidades t\u00e9cnicas e institucionais, contribuindo para a salvaguarda e valoriza\u00e7\u00e3o do patrim\u00f3nio cultural subaqu\u00e1tico de Cabo Verde.<\/p>\n\n\n\n<p>\u201cAos formandos, deixo uma palavra de encorajamento: que esta semana de forma\u00e7\u00e3o seja um est\u00edmulo adicional para colocar o patrim\u00f3nio subaqu\u00e1tico no lugar de destaque que merece, assegurando que ele seja cada vez mais estudado, protegido e valorizado.\u201d<\/p>","protected":false},"excerpt":{"rendered":"<p>Cabo Verde tem feito um trabalho cont\u00ednuo de valoriza\u00e7\u00e3o e preserva\u00e7\u00e3o do seu patrim\u00f3nio. Este trabalho passa, tamb\u00e9m, pelo refor\u00e7o da capacidade t\u00e9cnica das pessoas que trabalham na \u00e1rea. Deste modo, o Minist\u00e9rio da Cultura e das Ind\u00fastrias Criativas, atrav\u00e9s do Instituto do Patrim\u00f3nio Cultural, tem realizado cursos e forma\u00e7\u00f5es de melhoria e capacita\u00e7\u00e3o t\u00e9cnica [&hellip;]<\/p>\n","protected":false},"featured_media":17900,"template":"","meta":[],"tags":[],"class_list":["post-17899","noticias","type-noticias","status-publish","has-post-thumbnail","hentry"],"_links":{"self":[{"href":"https:\/\/ipc.cv\/fr\/wp-json\/wp\/v2\/noticias\/17899","targetHints":{"allow":["GET"]}}],"collection":[{"href":"https:\/\/ipc.cv\/fr\/wp-json\/wp\/v2\/noticias"}],"about":[{"href":"https:\/\/ipc.cv\/fr\/wp-json\/wp\/v2\/types\/noticias"}],"wp:featuredmedia":[{"embeddable":true,"href":"https:\/\/ipc.cv\/fr\/wp-json\/wp\/v2\/media\/17900"}],"wp:attachment":[{"href":"https:\/\/ipc.cv\/fr\/wp-json\/wp\/v2\/media?parent=17899"}],"wp:term":[{"taxonomy":"post_tag","embeddable":true,"href":"https:\/\/ipc.cv\/fr\/wp-json\/wp\/v2\/tags?post=17899"}],"curies":[{"name":"wp","href":"https:\/\/api.w.org\/{rel}","templated":true}]}}