{"id":17799,"date":"2025-09-16T14:58:48","date_gmt":"2025-09-16T15:58:48","guid":{"rendered":"https:\/\/ipc.cv\/?post_type=noticias&#038;p=17799"},"modified":"2025-09-22T15:01:28","modified_gmt":"2025-09-22T16:01:28","slug":"mais-do-que-uma-intervencao-arquitetonica-a-reabilitacao-do-farol-representa-a-renovacao-do-nosso-vinculo-ancestral-com-o-mar-elemento-vital-da-identidade-nacional-e-vetor-de-desenvolvime","status":"publish","type":"noticias","link":"https:\/\/ipc.cv\/fr\/noticias\/mais-do-que-uma-intervencao-arquitetonica-a-reabilitacao-do-farol-representa-a-renovacao-do-nosso-vinculo-ancestral-com-o-mar-elemento-vital-da-identidade-nacional-e-vetor-de-desenvolvime\/","title":{"rendered":"&#8220;Mais do que uma interven\u00e7\u00e3o arquitet\u00f3nica, a reabilita\u00e7\u00e3o do Farol representa a renova\u00e7\u00e3o do nosso v\u00ednculo ancestral com o mar \u2014 elemento vital da identidade nacional e vetor de desenvolvimento&#8221; &#8211; MCIC, Augusto Veiga"},"content":{"rendered":"<p>J\u00e1 est\u00e1 inaugurado, oficialmente, as obras de reabilita\u00e7\u00e3o do Farol de S\u00e3o Jos\u00e9, na cidade do Porto Ingl\u00eas, na ilha do Maio.<\/p>\n\n\n\n<p>Inserido no quadro do ambicioso Projeto de Valoriza\u00e7\u00e3o dos Far\u00f3is Hist\u00f3ricos de Cabo Verde, este s\u00edmbolo do patrim\u00f3nio e da mem\u00f3ria coletiva dos cabo-verdianos foi integralmente restaurado com um investimento de aproximadamente 5.300.000 escudos cabo-verdianos, inserido num financiamento global superior a 60 mil contos, apoiado pela Ag\u00eancia Espanhola de Coopera\u00e7\u00e3o e Desenvolvimento (AECID).<\/p>\n\n\n\n<p>A cerim\u00f3nia foi presidida pelo Ministro da Cultura e das Ind\u00fastrias Criativas, Augusto Veiga, o Ministro do Mar, Eng.\u00b0 Jorge Santos e pela Embaixadora do Reino da Espanha, Sra Ana Pietro e contou, ainda, com a presen\u00e7a de v\u00e1rias entidades nacionais e internacionais.<\/p>\n\n\n\n<figure class=\"wp-block-gallery has-nested-images columns-default is-cropped wp-block-gallery-1 is-layout-flex wp-block-gallery-is-layout-flex\">\n<figure class=\"wp-block-image size-large\"><img fetchpriority=\"high\" decoding=\"async\" width=\"1024\" height=\"683\" data-id=\"17801\" src=\"https:\/\/ipc.cv\/wp-content\/uploads\/2025\/09\/518358270_1165396568966085_4284740232002840448_n-1024x683.jpg\" alt=\"\" class=\"wp-image-17801\" srcset=\"https:\/\/ipc.cv\/wp-content\/uploads\/2025\/09\/518358270_1165396568966085_4284740232002840448_n-1024x683.jpg 1024w, https:\/\/ipc.cv\/wp-content\/uploads\/2025\/09\/518358270_1165396568966085_4284740232002840448_n-300x200.jpg 300w, https:\/\/ipc.cv\/wp-content\/uploads\/2025\/09\/518358270_1165396568966085_4284740232002840448_n-768x512.jpg 768w, https:\/\/ipc.cv\/wp-content\/uploads\/2025\/09\/518358270_1165396568966085_4284740232002840448_n-1536x1024.jpg 1536w, https:\/\/ipc.cv\/wp-content\/uploads\/2025\/09\/518358270_1165396568966085_4284740232002840448_n-18x12.jpg 18w, https:\/\/ipc.cv\/wp-content\/uploads\/2025\/09\/518358270_1165396568966085_4284740232002840448_n.jpg 2048w\" sizes=\"(max-width: 1024px) 100vw, 1024px\" \/><\/figure>\n\n\n\n<figure class=\"wp-block-image size-large\"><img decoding=\"async\" width=\"1024\" height=\"683\" data-id=\"17802\" src=\"https:\/\/ipc.cv\/wp-content\/uploads\/2025\/09\/518384531_1165395885632820_4232458388909441487_n-1024x683.jpg\" alt=\"\" class=\"wp-image-17802\" srcset=\"https:\/\/ipc.cv\/wp-content\/uploads\/2025\/09\/518384531_1165395885632820_4232458388909441487_n-1024x683.jpg 1024w, https:\/\/ipc.cv\/wp-content\/uploads\/2025\/09\/518384531_1165395885632820_4232458388909441487_n-300x200.jpg 300w, https:\/\/ipc.cv\/wp-content\/uploads\/2025\/09\/518384531_1165395885632820_4232458388909441487_n-768x512.jpg 768w, https:\/\/ipc.cv\/wp-content\/uploads\/2025\/09\/518384531_1165395885632820_4232458388909441487_n-1536x1024.jpg 1536w, https:\/\/ipc.cv\/wp-content\/uploads\/2025\/09\/518384531_1165395885632820_4232458388909441487_n-18x12.jpg 18w, https:\/\/ipc.cv\/wp-content\/uploads\/2025\/09\/518384531_1165395885632820_4232458388909441487_n.jpg 2048w\" sizes=\"(max-width: 1024px) 100vw, 1024px\" \/><\/figure>\n\n\n\n<figure class=\"wp-block-image size-large\"><img decoding=\"async\" width=\"1024\" height=\"683\" data-id=\"17803\" src=\"https:\/\/ipc.cv\/wp-content\/uploads\/2025\/09\/518311065_1165395928966149_1626358476583646714_n-1024x683.jpg\" alt=\"\" class=\"wp-image-17803\" srcset=\"https:\/\/ipc.cv\/wp-content\/uploads\/2025\/09\/518311065_1165395928966149_1626358476583646714_n-1024x683.jpg 1024w, https:\/\/ipc.cv\/wp-content\/uploads\/2025\/09\/518311065_1165395928966149_1626358476583646714_n-300x200.jpg 300w, https:\/\/ipc.cv\/wp-content\/uploads\/2025\/09\/518311065_1165395928966149_1626358476583646714_n-768x512.jpg 768w, https:\/\/ipc.cv\/wp-content\/uploads\/2025\/09\/518311065_1165395928966149_1626358476583646714_n-1536x1024.jpg 1536w, https:\/\/ipc.cv\/wp-content\/uploads\/2025\/09\/518311065_1165395928966149_1626358476583646714_n-18x12.jpg 18w, https:\/\/ipc.cv\/wp-content\/uploads\/2025\/09\/518311065_1165395928966149_1626358476583646714_n.jpg 2048w\" sizes=\"(max-width: 1024px) 100vw, 1024px\" \/><\/figure>\n<\/figure>\n\n\n\n<p>Esta inaugura\u00e7\u00e3o assinala mais um marco da coopera\u00e7\u00e3o transformadora entre Cabo Verde e Espanha.<\/p>\n\n\n\n<p>&#8220;Mais do que uma interven\u00e7\u00e3o arquitet\u00f3nica, a reabilita\u00e7\u00e3o do Farol representa a renova\u00e7\u00e3o do nosso v\u00ednculo ancestral com o mar \u2014 elemento vital da identidade nacional e vetor de desenvolvimento&#8221;.<\/p>\n\n\n\n<p>Situado na emblem\u00e1tica Cidade do Porto Ingl\u00eas, o farol ser\u00e1 agora n\u00e3o s\u00f3 um instrumento de seguran\u00e7a mar\u00edtima, mas tamb\u00e9m um espa\u00e7o cultural, tur\u00edstico e educativo, aberto \u00e0 frui\u00e7\u00e3o da comunidade local e dos visitantes.<\/p>\n\n\n\n<figure class=\"wp-block-gallery has-nested-images columns-default is-cropped wp-block-gallery-2 is-layout-flex wp-block-gallery-is-layout-flex\">\n<figure class=\"wp-block-image size-large\"><img loading=\"lazy\" decoding=\"async\" width=\"1024\" height=\"683\" data-id=\"17805\" src=\"https:\/\/ipc.cv\/wp-content\/uploads\/2025\/09\/518326275_1165396755632733_7019892606121601284_n-1024x683.jpg\" alt=\"\" class=\"wp-image-17805\" srcset=\"https:\/\/ipc.cv\/wp-content\/uploads\/2025\/09\/518326275_1165396755632733_7019892606121601284_n-1024x683.jpg 1024w, https:\/\/ipc.cv\/wp-content\/uploads\/2025\/09\/518326275_1165396755632733_7019892606121601284_n-300x200.jpg 300w, https:\/\/ipc.cv\/wp-content\/uploads\/2025\/09\/518326275_1165396755632733_7019892606121601284_n-768x512.jpg 768w, https:\/\/ipc.cv\/wp-content\/uploads\/2025\/09\/518326275_1165396755632733_7019892606121601284_n-1536x1024.jpg 1536w, https:\/\/ipc.cv\/wp-content\/uploads\/2025\/09\/518326275_1165396755632733_7019892606121601284_n-18x12.jpg 18w, https:\/\/ipc.cv\/wp-content\/uploads\/2025\/09\/518326275_1165396755632733_7019892606121601284_n.jpg 2048w\" sizes=\"(max-width: 1024px) 100vw, 1024px\" \/><\/figure>\n\n\n\n<figure class=\"wp-block-image size-large\"><img loading=\"lazy\" decoding=\"async\" width=\"1024\" height=\"683\" data-id=\"17804\" src=\"https:\/\/ipc.cv\/wp-content\/uploads\/2025\/09\/518276227_1165396088966133_7425824120376610490_n-1024x683.jpg\" alt=\"\" class=\"wp-image-17804\" srcset=\"https:\/\/ipc.cv\/wp-content\/uploads\/2025\/09\/518276227_1165396088966133_7425824120376610490_n-1024x683.jpg 1024w, https:\/\/ipc.cv\/wp-content\/uploads\/2025\/09\/518276227_1165396088966133_7425824120376610490_n-300x200.jpg 300w, https:\/\/ipc.cv\/wp-content\/uploads\/2025\/09\/518276227_1165396088966133_7425824120376610490_n-768x512.jpg 768w, https:\/\/ipc.cv\/wp-content\/uploads\/2025\/09\/518276227_1165396088966133_7425824120376610490_n-1536x1024.jpg 1536w, https:\/\/ipc.cv\/wp-content\/uploads\/2025\/09\/518276227_1165396088966133_7425824120376610490_n-18x12.jpg 18w, https:\/\/ipc.cv\/wp-content\/uploads\/2025\/09\/518276227_1165396088966133_7425824120376610490_n.jpg 2048w\" sizes=\"(max-width: 1024px) 100vw, 1024px\" \/><\/figure>\n\n\n\n<figure class=\"wp-block-image size-large\"><img loading=\"lazy\" decoding=\"async\" width=\"1024\" height=\"683\" data-id=\"17806\" src=\"https:\/\/ipc.cv\/wp-content\/uploads\/2025\/09\/518396325_1165396185632790_5853049948301453786_n-1024x683.jpg\" alt=\"\" class=\"wp-image-17806\" srcset=\"https:\/\/ipc.cv\/wp-content\/uploads\/2025\/09\/518396325_1165396185632790_5853049948301453786_n-1024x683.jpg 1024w, https:\/\/ipc.cv\/wp-content\/uploads\/2025\/09\/518396325_1165396185632790_5853049948301453786_n-300x200.jpg 300w, https:\/\/ipc.cv\/wp-content\/uploads\/2025\/09\/518396325_1165396185632790_5853049948301453786_n-768x512.jpg 768w, https:\/\/ipc.cv\/wp-content\/uploads\/2025\/09\/518396325_1165396185632790_5853049948301453786_n-1536x1024.jpg 1536w, https:\/\/ipc.cv\/wp-content\/uploads\/2025\/09\/518396325_1165396185632790_5853049948301453786_n-18x12.jpg 18w, https:\/\/ipc.cv\/wp-content\/uploads\/2025\/09\/518396325_1165396185632790_5853049948301453786_n.jpg 2048w\" sizes=\"(max-width: 1024px) 100vw, 1024px\" \/><\/figure>\n<\/figure>\n\n\n\n<p>Este projeto confere nova vida a um dos monumentos mais simb\u00f3licos da ilha, refor\u00e7ando a autoestima coletiva e as din\u00e2micas de desenvolvimento do territ\u00f3rio.<\/p>\n\n\n\n<p>Desde 2016, o Governo de Cabo Verde tem conduzido um vasto programa de reabilita\u00e7\u00e3o de patrim\u00f3nio, com resultados vis\u00edveis em todo o arquip\u00e9lago.<\/p>\n\n\n\n<p>Cerca de 50 edif\u00edcios hist\u00f3ricos j\u00e1 foram recuperados, sendo aproximadamente 30 no \u00e2mbito do PRRA. Na ilha do Maio, al\u00e9m do farol agora reabilitado, destaca-se tamb\u00e9m a recupera\u00e7\u00e3o da Igreja Matriz de Nossa Senhora da Luz. &#8220;Estes investimentos promovem o turismo sustent\u00e1vel, a educa\u00e7\u00e3o patrimonial e o envolvimento das comunidades na preserva\u00e7\u00e3o dos seus legados&#8221;, avan\u00e7ou o MCIC.<\/p>\n\n\n\n<figure class=\"wp-block-gallery has-nested-images columns-default is-cropped wp-block-gallery-3 is-layout-flex wp-block-gallery-is-layout-flex\">\n<figure class=\"wp-block-image size-large\"><img loading=\"lazy\" decoding=\"async\" width=\"1024\" height=\"683\" data-id=\"17810\" src=\"https:\/\/ipc.cv\/wp-content\/uploads\/2025\/09\/518330120_1165396358966106_8806801924283531793_n-1-1024x683.jpg\" alt=\"\" class=\"wp-image-17810\" srcset=\"https:\/\/ipc.cv\/wp-content\/uploads\/2025\/09\/518330120_1165396358966106_8806801924283531793_n-1-1024x683.jpg 1024w, https:\/\/ipc.cv\/wp-content\/uploads\/2025\/09\/518330120_1165396358966106_8806801924283531793_n-1-300x200.jpg 300w, https:\/\/ipc.cv\/wp-content\/uploads\/2025\/09\/518330120_1165396358966106_8806801924283531793_n-1-768x512.jpg 768w, https:\/\/ipc.cv\/wp-content\/uploads\/2025\/09\/518330120_1165396358966106_8806801924283531793_n-1-1536x1024.jpg 1536w, https:\/\/ipc.cv\/wp-content\/uploads\/2025\/09\/518330120_1165396358966106_8806801924283531793_n-1-18x12.jpg 18w, https:\/\/ipc.cv\/wp-content\/uploads\/2025\/09\/518330120_1165396358966106_8806801924283531793_n-1.jpg 2048w\" sizes=\"(max-width: 1024px) 100vw, 1024px\" \/><\/figure>\n\n\n\n<figure class=\"wp-block-image size-large\"><img loading=\"lazy\" decoding=\"async\" width=\"1024\" height=\"683\" data-id=\"17809\" src=\"https:\/\/ipc.cv\/wp-content\/uploads\/2025\/09\/518390162_1165396248966117_9009606161726928131_n-1024x683.jpg\" alt=\"\" class=\"wp-image-17809\" srcset=\"https:\/\/ipc.cv\/wp-content\/uploads\/2025\/09\/518390162_1165396248966117_9009606161726928131_n-1024x683.jpg 1024w, https:\/\/ipc.cv\/wp-content\/uploads\/2025\/09\/518390162_1165396248966117_9009606161726928131_n-300x200.jpg 300w, https:\/\/ipc.cv\/wp-content\/uploads\/2025\/09\/518390162_1165396248966117_9009606161726928131_n-768x512.jpg 768w, https:\/\/ipc.cv\/wp-content\/uploads\/2025\/09\/518390162_1165396248966117_9009606161726928131_n-1536x1024.jpg 1536w, https:\/\/ipc.cv\/wp-content\/uploads\/2025\/09\/518390162_1165396248966117_9009606161726928131_n-18x12.jpg 18w, https:\/\/ipc.cv\/wp-content\/uploads\/2025\/09\/518390162_1165396248966117_9009606161726928131_n.jpg 2048w\" sizes=\"(max-width: 1024px) 100vw, 1024px\" \/><\/figure>\n\n\n\n<figure class=\"wp-block-image size-large\"><img loading=\"lazy\" decoding=\"async\" width=\"1024\" height=\"683\" data-id=\"17808\" src=\"https:\/\/ipc.cv\/wp-content\/uploads\/2025\/09\/518330120_1165396358966106_8806801924283531793_n-1024x683.jpg\" alt=\"\" class=\"wp-image-17808\" srcset=\"https:\/\/ipc.cv\/wp-content\/uploads\/2025\/09\/518330120_1165396358966106_8806801924283531793_n-1024x683.jpg 1024w, https:\/\/ipc.cv\/wp-content\/uploads\/2025\/09\/518330120_1165396358966106_8806801924283531793_n-300x200.jpg 300w, https:\/\/ipc.cv\/wp-content\/uploads\/2025\/09\/518330120_1165396358966106_8806801924283531793_n-768x512.jpg 768w, https:\/\/ipc.cv\/wp-content\/uploads\/2025\/09\/518330120_1165396358966106_8806801924283531793_n-1536x1024.jpg 1536w, https:\/\/ipc.cv\/wp-content\/uploads\/2025\/09\/518330120_1165396358966106_8806801924283531793_n-18x12.jpg 18w, https:\/\/ipc.cv\/wp-content\/uploads\/2025\/09\/518330120_1165396358966106_8806801924283531793_n.jpg 2048w\" sizes=\"(max-width: 1024px) 100vw, 1024px\" \/><\/figure>\n<\/figure>\n\n\n\n<p>O Governante expressou profunda gratid\u00e3o a todos os parceiros envolvidos \u2014 entre eles o Instituto do Patrim\u00f3nio Cultural (IPC) e o Instituto Mar\u00edtimo e Portu\u00e1rio (IMP), que est\u00e3o na coordena\u00e7\u00e3o deste projeto de reabilita\u00e7\u00e3o dos far\u00f3is dr Cabo Verde, a empresa executora e a todos os trabalhadores \u2014 que devolveram dignidade e funcionalidade ao Farol.<\/p>\n\n\n\n<p>&#8220;Que esta luz continue a guiar n\u00e3o s\u00f3 os navegantes, mas tamb\u00e9m o futuro promissor da ilha do Maio&#8221;.<\/p>","protected":false},"excerpt":{"rendered":"<p>J\u00e1 est\u00e1 inaugurado, oficialmente, as obras de reabilita\u00e7\u00e3o do Farol de S\u00e3o Jos\u00e9, na cidade do Porto Ingl\u00eas, na ilha do Maio. Inserido no quadro do ambicioso Projeto de Valoriza\u00e7\u00e3o dos Far\u00f3is Hist\u00f3ricos de Cabo Verde, este s\u00edmbolo do patrim\u00f3nio e da mem\u00f3ria coletiva dos cabo-verdianos foi integralmente restaurado com um investimento de aproximadamente 5.300.000 [&hellip;]<\/p>\n","protected":false},"featured_media":17800,"template":"","meta":[],"tags":[],"class_list":["post-17799","noticias","type-noticias","status-publish","has-post-thumbnail","hentry"],"_links":{"self":[{"href":"https:\/\/ipc.cv\/fr\/wp-json\/wp\/v2\/noticias\/17799","targetHints":{"allow":["GET"]}}],"collection":[{"href":"https:\/\/ipc.cv\/fr\/wp-json\/wp\/v2\/noticias"}],"about":[{"href":"https:\/\/ipc.cv\/fr\/wp-json\/wp\/v2\/types\/noticias"}],"wp:featuredmedia":[{"embeddable":true,"href":"https:\/\/ipc.cv\/fr\/wp-json\/wp\/v2\/media\/17800"}],"wp:attachment":[{"href":"https:\/\/ipc.cv\/fr\/wp-json\/wp\/v2\/media?parent=17799"}],"wp:term":[{"taxonomy":"post_tag","embeddable":true,"href":"https:\/\/ipc.cv\/fr\/wp-json\/wp\/v2\/tags?post=17799"}],"curies":[{"name":"wp","href":"https:\/\/api.w.org\/{rel}","templated":true}]}}