{"id":17584,"date":"2025-05-08T14:55:20","date_gmt":"2025-05-08T15:55:20","guid":{"rendered":"https:\/\/ipc.cv\/?post_type=noticias&#038;p=17584"},"modified":"2025-05-09T14:57:16","modified_gmt":"2025-05-09T15:57:16","slug":"avanco-das-obras-de-reabilitacao-do-farol-de-sao-jose","status":"publish","type":"noticias","link":"https:\/\/ipc.cv\/fr\/noticias\/avanco-das-obras-de-reabilitacao-do-farol-de-sao-jose\/","title":{"rendered":"Avan\u00e7o das Obras de Reabilita\u00e7\u00e3o do Farol de S\u00e3o Jos\u00e9"},"content":{"rendered":"<p>As obras de reabilita\u00e7\u00e3o do Farol de S\u00e3o Jos\u00e9, localizado na ilha do Maio, encontram-se em fase de conclus\u00e3o, com a finaliza\u00e7\u00e3o das interven\u00e7\u00f5es estruturais e a execu\u00e7\u00e3o integral dos trabalhos de pintura interior e exterior, incluindo portas e port\u00f5es. Esta fase permitiu consolidar a integridade f\u00edsica do edif\u00edcio, respeitando a sua tra\u00e7a original e os princ\u00edpios de conserva\u00e7\u00e3o do patrim\u00f3nio edificado.<\/p>\n\n\n\n<p>A interven\u00e7\u00e3o integra-se no projeto de valoriza\u00e7\u00e3o dos far\u00f3is hist\u00f3ricos de Cabo Verde, financiado pela Coopera\u00e7\u00e3o Espanhola, atrav\u00e9s da Ag\u00eancia Espanhola de Coopera\u00e7\u00e3o Internacional para o Desenvolvimento (AECID), sob coordena\u00e7\u00e3o do Instituto do Patrim\u00f3nio Cultural e o Instituto Mar\u00edtimo e Portu\u00e1rio. Esta iniciativa visa garantir a funcionalidade dos far\u00f3is enquanto elementos de apoio \u00e0 navega\u00e7\u00e3o mar\u00edtima, promovendo paralelamente a sua salvaguarda e frui\u00e7\u00e3o como bens patrimoniais com elevado potencial tur\u00edstico e educativo.<\/p>\n\n\n\n<p>Com a conclus\u00e3o da componente de reabilita\u00e7\u00e3o f\u00edsica, a pr\u00f3xima etapa consistir\u00e1 na conce\u00e7\u00e3o, produ\u00e7\u00e3o e instala\u00e7\u00e3o do espa\u00e7o expositivo. Esta fase visa proporcionar uma leitura interpretativa do bem patrimonial, enquadrando o Farol de S\u00e3o Jos\u00e9 no contexto hist\u00f3rico e t\u00e9cnico da sinaliza\u00e7\u00e3o mar\u00edtima em Cabo Verde, contribuindo para a valoriza\u00e7\u00e3o cultural do territ\u00f3rio e para o desenvolvimento do turismo sustent\u00e1vel na ilha do Maio.<\/p>\n\n\n\n<figure class=\"wp-block-gallery has-nested-images columns-default is-cropped wp-block-gallery-1 is-layout-flex wp-block-gallery-is-layout-flex\">\n<figure class=\"wp-block-image size-large\"><img fetchpriority=\"high\" decoding=\"async\" width=\"1024\" height=\"576\" data-id=\"17586\" src=\"https:\/\/ipc.cv\/wp-content\/uploads\/2025\/05\/492008174_1136329345201501_7102623646034545825_n-1024x576.jpg\" alt=\"\" class=\"wp-image-17586\" srcset=\"https:\/\/ipc.cv\/wp-content\/uploads\/2025\/05\/492008174_1136329345201501_7102623646034545825_n-1024x576.jpg 1024w, https:\/\/ipc.cv\/wp-content\/uploads\/2025\/05\/492008174_1136329345201501_7102623646034545825_n-300x169.jpg 300w, https:\/\/ipc.cv\/wp-content\/uploads\/2025\/05\/492008174_1136329345201501_7102623646034545825_n-768x432.jpg 768w, https:\/\/ipc.cv\/wp-content\/uploads\/2025\/05\/492008174_1136329345201501_7102623646034545825_n-18x10.jpg 18w, https:\/\/ipc.cv\/wp-content\/uploads\/2025\/05\/492008174_1136329345201501_7102623646034545825_n.jpg 1280w\" sizes=\"(max-width: 1024px) 100vw, 1024px\" \/><\/figure>\n\n\n\n<figure class=\"wp-block-image size-large\"><img decoding=\"async\" width=\"1024\" height=\"576\" data-id=\"17589\" src=\"https:\/\/ipc.cv\/wp-content\/uploads\/2025\/05\/494352442_1136329391868163_4797798082360457809_n-1024x576.jpg\" alt=\"\" class=\"wp-image-17589\" srcset=\"https:\/\/ipc.cv\/wp-content\/uploads\/2025\/05\/494352442_1136329391868163_4797798082360457809_n-1024x576.jpg 1024w, https:\/\/ipc.cv\/wp-content\/uploads\/2025\/05\/494352442_1136329391868163_4797798082360457809_n-300x169.jpg 300w, https:\/\/ipc.cv\/wp-content\/uploads\/2025\/05\/494352442_1136329391868163_4797798082360457809_n-768x432.jpg 768w, https:\/\/ipc.cv\/wp-content\/uploads\/2025\/05\/494352442_1136329391868163_4797798082360457809_n-18x10.jpg 18w, https:\/\/ipc.cv\/wp-content\/uploads\/2025\/05\/494352442_1136329391868163_4797798082360457809_n.jpg 1280w\" sizes=\"(max-width: 1024px) 100vw, 1024px\" \/><\/figure>\n\n\n\n<figure class=\"wp-block-image size-large\"><img decoding=\"async\" width=\"1024\" height=\"576\" data-id=\"17587\" src=\"https:\/\/ipc.cv\/wp-content\/uploads\/2025\/05\/494402173_1136329278534841_5016872676919510047_n-1024x576.jpg\" alt=\"\" class=\"wp-image-17587\" srcset=\"https:\/\/ipc.cv\/wp-content\/uploads\/2025\/05\/494402173_1136329278534841_5016872676919510047_n-1024x576.jpg 1024w, https:\/\/ipc.cv\/wp-content\/uploads\/2025\/05\/494402173_1136329278534841_5016872676919510047_n-300x169.jpg 300w, https:\/\/ipc.cv\/wp-content\/uploads\/2025\/05\/494402173_1136329278534841_5016872676919510047_n-768x432.jpg 768w, https:\/\/ipc.cv\/wp-content\/uploads\/2025\/05\/494402173_1136329278534841_5016872676919510047_n-18x10.jpg 18w, https:\/\/ipc.cv\/wp-content\/uploads\/2025\/05\/494402173_1136329278534841_5016872676919510047_n.jpg 1280w\" sizes=\"(max-width: 1024px) 100vw, 1024px\" \/><\/figure>\n\n\n\n<figure class=\"wp-block-image size-large\"><img loading=\"lazy\" decoding=\"async\" width=\"1024\" height=\"576\" data-id=\"17590\" src=\"https:\/\/ipc.cv\/wp-content\/uploads\/2025\/05\/494591136_1136329325201503_4402115107905400622_n-1024x576.jpg\" alt=\"\" class=\"wp-image-17590\" srcset=\"https:\/\/ipc.cv\/wp-content\/uploads\/2025\/05\/494591136_1136329325201503_4402115107905400622_n-1024x576.jpg 1024w, https:\/\/ipc.cv\/wp-content\/uploads\/2025\/05\/494591136_1136329325201503_4402115107905400622_n-300x169.jpg 300w, https:\/\/ipc.cv\/wp-content\/uploads\/2025\/05\/494591136_1136329325201503_4402115107905400622_n-768x432.jpg 768w, https:\/\/ipc.cv\/wp-content\/uploads\/2025\/05\/494591136_1136329325201503_4402115107905400622_n-18x10.jpg 18w, https:\/\/ipc.cv\/wp-content\/uploads\/2025\/05\/494591136_1136329325201503_4402115107905400622_n.jpg 1280w\" sizes=\"(max-width: 1024px) 100vw, 1024px\" \/><\/figure>\n\n\n\n<figure class=\"wp-block-image size-large\"><img loading=\"lazy\" decoding=\"async\" width=\"1024\" height=\"576\" data-id=\"17588\" src=\"https:\/\/ipc.cv\/wp-content\/uploads\/2025\/05\/494599869_1136329368534832_39797167643830187_n-1024x576.jpg\" alt=\"\" class=\"wp-image-17588\" srcset=\"https:\/\/ipc.cv\/wp-content\/uploads\/2025\/05\/494599869_1136329368534832_39797167643830187_n-1024x576.jpg 1024w, https:\/\/ipc.cv\/wp-content\/uploads\/2025\/05\/494599869_1136329368534832_39797167643830187_n-300x169.jpg 300w, https:\/\/ipc.cv\/wp-content\/uploads\/2025\/05\/494599869_1136329368534832_39797167643830187_n-768x432.jpg 768w, https:\/\/ipc.cv\/wp-content\/uploads\/2025\/05\/494599869_1136329368534832_39797167643830187_n-18x10.jpg 18w, https:\/\/ipc.cv\/wp-content\/uploads\/2025\/05\/494599869_1136329368534832_39797167643830187_n.jpg 1280w\" sizes=\"(max-width: 1024px) 100vw, 1024px\" \/><\/figure>\n\n\n\n<figure class=\"wp-block-image size-large\"><img loading=\"lazy\" decoding=\"async\" width=\"1024\" height=\"576\" data-id=\"17591\" src=\"https:\/\/ipc.cv\/wp-content\/uploads\/2025\/05\/495332070_1136329285201507_7436606503770658888_n-1-1024x576.jpg\" alt=\"\" class=\"wp-image-17591\" srcset=\"https:\/\/ipc.cv\/wp-content\/uploads\/2025\/05\/495332070_1136329285201507_7436606503770658888_n-1-1024x576.jpg 1024w, https:\/\/ipc.cv\/wp-content\/uploads\/2025\/05\/495332070_1136329285201507_7436606503770658888_n-1-300x169.jpg 300w, https:\/\/ipc.cv\/wp-content\/uploads\/2025\/05\/495332070_1136329285201507_7436606503770658888_n-1-768x432.jpg 768w, https:\/\/ipc.cv\/wp-content\/uploads\/2025\/05\/495332070_1136329285201507_7436606503770658888_n-1-18x10.jpg 18w, https:\/\/ipc.cv\/wp-content\/uploads\/2025\/05\/495332070_1136329285201507_7436606503770658888_n-1.jpg 1280w\" sizes=\"(max-width: 1024px) 100vw, 1024px\" \/><\/figure>\n<\/figure>","protected":false},"excerpt":{"rendered":"<p>As obras de reabilita\u00e7\u00e3o do Farol de S\u00e3o Jos\u00e9, localizado na ilha do Maio, encontram-se em fase de conclus\u00e3o, com a finaliza\u00e7\u00e3o das interven\u00e7\u00f5es estruturais e a execu\u00e7\u00e3o integral dos trabalhos de pintura interior e exterior, incluindo portas e port\u00f5es. Esta fase permitiu consolidar a integridade f\u00edsica do edif\u00edcio, respeitando a sua tra\u00e7a original e [&hellip;]<\/p>\n","protected":false},"featured_media":17585,"template":"","meta":[],"tags":[],"class_list":["post-17584","noticias","type-noticias","status-publish","has-post-thumbnail","hentry"],"_links":{"self":[{"href":"https:\/\/ipc.cv\/fr\/wp-json\/wp\/v2\/noticias\/17584","targetHints":{"allow":["GET"]}}],"collection":[{"href":"https:\/\/ipc.cv\/fr\/wp-json\/wp\/v2\/noticias"}],"about":[{"href":"https:\/\/ipc.cv\/fr\/wp-json\/wp\/v2\/types\/noticias"}],"wp:featuredmedia":[{"embeddable":true,"href":"https:\/\/ipc.cv\/fr\/wp-json\/wp\/v2\/media\/17585"}],"wp:attachment":[{"href":"https:\/\/ipc.cv\/fr\/wp-json\/wp\/v2\/media?parent=17584"}],"wp:term":[{"taxonomy":"post_tag","embeddable":true,"href":"https:\/\/ipc.cv\/fr\/wp-json\/wp\/v2\/tags?post=17584"}],"curies":[{"name":"wp","href":"https:\/\/api.w.org\/{rel}","templated":true}]}}