{"id":17300,"date":"2025-02-26T09:50:00","date_gmt":"2025-02-26T10:50:00","guid":{"rendered":"https:\/\/ipc.cv\/?post_type=noticias&#038;p=17300"},"modified":"2025-05-02T09:52:33","modified_gmt":"2025-05-02T10:52:33","slug":"seminario-a-lingua-cabo-verdiana-como-veiculo-de-afirmacao-da-identidade-cultural","status":"publish","type":"noticias","link":"https:\/\/ipc.cv\/fr\/noticias\/seminario-a-lingua-cabo-verdiana-como-veiculo-de-afirmacao-da-identidade-cultural\/","title":{"rendered":"Semin\u00e1rio \u201cA L\u00edngua Cabo-verdiana como Ve\u00edculo de Afirma\u00e7\u00e3o da Identidade Cultural\u201d"},"content":{"rendered":"<p>O <a><\/a>Munic\u00edpio de S\u00e3o Miguel acolheu, esta segunda-feira, o Semin\u00e1rio \u201cA L\u00edngua Cabo-verdiana como Ve\u00edculo de Afirma\u00e7\u00e3o da Identidade Cultural\u201d, uma iniciativa do Instituto do Patrim\u00f3nio Cultural em parceria com a C\u00e2mara Municipal de S\u00e3o Miguel. O evento, integrado nas celebra\u00e7\u00f5es do Dia Internacional da L\u00edngua Materna, constituiu um espa\u00e7o de reflex\u00e3o e partilha sobre a Import\u00e2ncia da l\u00edngua Cabo-verdiana, o processo da sua valoriza\u00e7\u00e3o, bem como os desafios para a sua afirma\u00e7\u00e3o no contexto da valoriza\u00e7\u00e3o do Patrim\u00f3nio Cultural Imaterial Nacional.<\/p>\n\n\n\n<p>Reunindo acad\u00e9micos, investigadores e agentes culturais, o semin\u00e1rio proporcionou um debate qualificado sobre a evolu\u00e7\u00e3o hist\u00f3rica da l\u00edngua, a sua relev\u00e2ncia enquanto patrim\u00f3nio imaterial e o seu impacto na produ\u00e7\u00e3o liter\u00e1ria e art\u00edstica. A discuss\u00e3o incidiu, igualmente, sobre a presen\u00e7a da l\u00edngua cabo-verdiana na di\u00e1spora e a necessidade de pol\u00edticas p\u00fablicas que assegurem a sua normaliza\u00e7\u00e3o e promo\u00e7\u00e3o. Entre especialistas, destacam-se:<\/p>\n\n\n\n<p>&#8211; Doutora Karina Moreira (UNICV\/ALMA-KV) com o tema \u201cL\u00edngua Cabo-verdiana: da g\u00e9nese \u00e0 afirma\u00e7\u00e3o identit\u00e1ria;<\/p>\n\n\n\n<p>&#8211; Mestre Adelaide Monteiro (Investigadora S\u00e9nior\/IPC), com o tema \u201cA L\u00edngua Cabo-verdiana na afirma\u00e7\u00e3o da identidade Cultural: de Cabo Verde \u00e0 di\u00e1spora, do dia-a-dia ao meio art\u00edstico\u201d;<\/p>\n\n\n\n<p>&#8211; Mestre Manuel da Luz Gon\u00e7alves (Boston Public Schools\/EUA) com o tema &#8211; \u201cA L\u00edngua Cabo-verdiana na afirma\u00e7\u00e3o da identidade Cultural, caso da di\u00e1spora\u201d;<\/p>\n\n\n\n<p>&#8211; Investigador\/ artista Gil Moreira, com o tema \u201cA L\u00edngua como instrumento de transmiss\u00e3o de valores tradi\u00e7\u00f5es e cria\u00e7\u00f5es art\u00edsticas\u201d que tamb\u00e9m interpretou uma performance, juntando cimboa, batuco e conta\u00e7\u00e3o de est\u00f3rias.<\/p>\n\n\n\n<p>A sess\u00e3o foi moderada pela Dr. Humberto Lima, Presidente do Conselho Cient\u00edfico do IPC.<\/p>\n\n\n\n<figure class=\"wp-block-gallery has-nested-images columns-default is-cropped wp-block-gallery-1 is-layout-flex wp-block-gallery-is-layout-flex\">\n<figure class=\"wp-block-image size-large\"><img fetchpriority=\"high\" decoding=\"async\" width=\"1024\" height=\"682\" data-id=\"17304\" src=\"https:\/\/ipc.cv\/wp-content\/uploads\/2025\/05\/487547493_1105007281667041_8651866436279325985_n-1024x682.jpg\" alt=\"\" class=\"wp-image-17304\" srcset=\"https:\/\/ipc.cv\/wp-content\/uploads\/2025\/05\/487547493_1105007281667041_8651866436279325985_n-1024x682.jpg 1024w, https:\/\/ipc.cv\/wp-content\/uploads\/2025\/05\/487547493_1105007281667041_8651866436279325985_n-300x200.jpg 300w, https:\/\/ipc.cv\/wp-content\/uploads\/2025\/05\/487547493_1105007281667041_8651866436279325985_n-768x512.jpg 768w, https:\/\/ipc.cv\/wp-content\/uploads\/2025\/05\/487547493_1105007281667041_8651866436279325985_n-1536x1023.jpg 1536w, https:\/\/ipc.cv\/wp-content\/uploads\/2025\/05\/487547493_1105007281667041_8651866436279325985_n-18x12.jpg 18w, https:\/\/ipc.cv\/wp-content\/uploads\/2025\/05\/487547493_1105007281667041_8651866436279325985_n.jpg 1600w\" sizes=\"(max-width: 1024px) 100vw, 1024px\" \/><\/figure>\n\n\n\n<figure class=\"wp-block-image size-large\"><img decoding=\"async\" width=\"1024\" height=\"683\" data-id=\"17303\" src=\"https:\/\/ipc.cv\/wp-content\/uploads\/2025\/05\/487394281_1105007348333701_9193829135217160980_n-1024x683.jpg\" alt=\"\" class=\"wp-image-17303\" srcset=\"https:\/\/ipc.cv\/wp-content\/uploads\/2025\/05\/487394281_1105007348333701_9193829135217160980_n-1024x683.jpg 1024w, https:\/\/ipc.cv\/wp-content\/uploads\/2025\/05\/487394281_1105007348333701_9193829135217160980_n-300x200.jpg 300w, https:\/\/ipc.cv\/wp-content\/uploads\/2025\/05\/487394281_1105007348333701_9193829135217160980_n-768x512.jpg 768w, https:\/\/ipc.cv\/wp-content\/uploads\/2025\/05\/487394281_1105007348333701_9193829135217160980_n-1536x1024.jpg 1536w, https:\/\/ipc.cv\/wp-content\/uploads\/2025\/05\/487394281_1105007348333701_9193829135217160980_n-18x12.jpg 18w, https:\/\/ipc.cv\/wp-content\/uploads\/2025\/05\/487394281_1105007348333701_9193829135217160980_n.jpg 1600w\" sizes=\"(max-width: 1024px) 100vw, 1024px\" \/><\/figure>\n\n\n\n<figure class=\"wp-block-image size-large\"><img decoding=\"async\" width=\"682\" height=\"1024\" data-id=\"17301\" src=\"https:\/\/ipc.cv\/wp-content\/uploads\/2025\/05\/487507144_1105007615000341_6606567380668609813_n-682x1024.jpg\" alt=\"\" class=\"wp-image-17301\" srcset=\"https:\/\/ipc.cv\/wp-content\/uploads\/2025\/05\/487507144_1105007615000341_6606567380668609813_n-682x1024.jpg 682w, https:\/\/ipc.cv\/wp-content\/uploads\/2025\/05\/487507144_1105007615000341_6606567380668609813_n-200x300.jpg 200w, https:\/\/ipc.cv\/wp-content\/uploads\/2025\/05\/487507144_1105007615000341_6606567380668609813_n-768x1153.jpg 768w, https:\/\/ipc.cv\/wp-content\/uploads\/2025\/05\/487507144_1105007615000341_6606567380668609813_n-1023x1536.jpg 1023w, https:\/\/ipc.cv\/wp-content\/uploads\/2025\/05\/487507144_1105007615000341_6606567380668609813_n-8x12.jpg 8w, https:\/\/ipc.cv\/wp-content\/uploads\/2025\/05\/487507144_1105007615000341_6606567380668609813_n.jpg 1066w\" sizes=\"(max-width: 682px) 100vw, 682px\" \/><\/figure>\n\n\n\n<figure class=\"wp-block-image size-large\"><img loading=\"lazy\" decoding=\"async\" width=\"1024\" height=\"536\" data-id=\"17302\" src=\"https:\/\/ipc.cv\/wp-content\/uploads\/2025\/05\/487479517_1105007471667022_4009771473635176652_n-1024x536.jpg\" alt=\"\" class=\"wp-image-17302\" srcset=\"https:\/\/ipc.cv\/wp-content\/uploads\/2025\/05\/487479517_1105007471667022_4009771473635176652_n-1024x536.jpg 1024w, https:\/\/ipc.cv\/wp-content\/uploads\/2025\/05\/487479517_1105007471667022_4009771473635176652_n-300x157.jpg 300w, https:\/\/ipc.cv\/wp-content\/uploads\/2025\/05\/487479517_1105007471667022_4009771473635176652_n-768x402.jpg 768w, https:\/\/ipc.cv\/wp-content\/uploads\/2025\/05\/487479517_1105007471667022_4009771473635176652_n-1536x804.jpg 1536w, https:\/\/ipc.cv\/wp-content\/uploads\/2025\/05\/487479517_1105007471667022_4009771473635176652_n-18x9.jpg 18w, https:\/\/ipc.cv\/wp-content\/uploads\/2025\/05\/487479517_1105007471667022_4009771473635176652_n.jpg 1600w\" sizes=\"(max-width: 1024px) 100vw, 1024px\" \/><\/figure>\n\n\n\n<figure class=\"wp-block-image size-large\"><img loading=\"lazy\" decoding=\"async\" width=\"1024\" height=\"682\" data-id=\"17305\" src=\"https:\/\/ipc.cv\/wp-content\/uploads\/2025\/05\/487488751_1105007648333671_6645687190521603536_n-1024x682.jpg\" alt=\"\" class=\"wp-image-17305\" srcset=\"https:\/\/ipc.cv\/wp-content\/uploads\/2025\/05\/487488751_1105007648333671_6645687190521603536_n-1024x682.jpg 1024w, https:\/\/ipc.cv\/wp-content\/uploads\/2025\/05\/487488751_1105007648333671_6645687190521603536_n-300x200.jpg 300w, https:\/\/ipc.cv\/wp-content\/uploads\/2025\/05\/487488751_1105007648333671_6645687190521603536_n-768x512.jpg 768w, https:\/\/ipc.cv\/wp-content\/uploads\/2025\/05\/487488751_1105007648333671_6645687190521603536_n-1536x1023.jpg 1536w, https:\/\/ipc.cv\/wp-content\/uploads\/2025\/05\/487488751_1105007648333671_6645687190521603536_n-18x12.jpg 18w, https:\/\/ipc.cv\/wp-content\/uploads\/2025\/05\/487488751_1105007648333671_6645687190521603536_n.jpg 1600w\" sizes=\"(max-width: 1024px) 100vw, 1024px\" \/><\/figure>\n\n\n\n<figure class=\"wp-block-image size-large\"><img loading=\"lazy\" decoding=\"async\" width=\"1024\" height=\"536\" data-id=\"17306\" src=\"https:\/\/ipc.cv\/wp-content\/uploads\/2025\/05\/486971061_1105007188333717_6774212081749376168_n-1024x536.jpg\" alt=\"\" class=\"wp-image-17306\" srcset=\"https:\/\/ipc.cv\/wp-content\/uploads\/2025\/05\/486971061_1105007188333717_6774212081749376168_n-1024x536.jpg 1024w, https:\/\/ipc.cv\/wp-content\/uploads\/2025\/05\/486971061_1105007188333717_6774212081749376168_n-300x157.jpg 300w, https:\/\/ipc.cv\/wp-content\/uploads\/2025\/05\/486971061_1105007188333717_6774212081749376168_n-768x402.jpg 768w, https:\/\/ipc.cv\/wp-content\/uploads\/2025\/05\/486971061_1105007188333717_6774212081749376168_n-1536x804.jpg 1536w, https:\/\/ipc.cv\/wp-content\/uploads\/2025\/05\/486971061_1105007188333717_6774212081749376168_n-18x9.jpg 18w, https:\/\/ipc.cv\/wp-content\/uploads\/2025\/05\/486971061_1105007188333717_6774212081749376168_n.jpg 1600w\" sizes=\"(max-width: 1024px) 100vw, 1024px\" \/><\/figure>\n<\/figure>\n\n\n\n<p>A cerim\u00f3nia contou com a presen\u00e7a da equipa do Instituto, da equipa da C\u00e2mara Municipal de S\u00e3o Miguel, de representantes de miss\u00f5es diplom\u00e1ticas, de entidades culturais e educativas, bem como de acad\u00e9micos e investigadores dedicados \u00e0 salvaguarda e promo\u00e7\u00e3o da l\u00edngua cabo-verdiana.<\/p>\n\n\n\n<p>O semin\u00e1rio reafirmou o compromisso com a preserva\u00e7\u00e3o e valoriza\u00e7\u00e3o deste patrim\u00f3nio lingu\u00edstico, sublinhando a necessidade de um esfor\u00e7o consertado para o seu reconhecimento pleno e para a consolida\u00e7\u00e3o do seu estatuto na sociedade cabo-verdiana e na esfera internacional.<\/p>\n\n\n\n<figure class=\"wp-block-gallery has-nested-images columns-default is-cropped wp-block-gallery-2 is-layout-flex wp-block-gallery-is-layout-flex\">\n<figure class=\"wp-block-image size-large\"><img loading=\"lazy\" decoding=\"async\" width=\"1024\" height=\"536\" data-id=\"17311\" src=\"https:\/\/ipc.cv\/wp-content\/uploads\/2025\/05\/488246018_1105007435000359_4296687791960184409_n-1024x536.jpg\" alt=\"\" class=\"wp-image-17311\" srcset=\"https:\/\/ipc.cv\/wp-content\/uploads\/2025\/05\/488246018_1105007435000359_4296687791960184409_n-1024x536.jpg 1024w, https:\/\/ipc.cv\/wp-content\/uploads\/2025\/05\/488246018_1105007435000359_4296687791960184409_n-300x157.jpg 300w, https:\/\/ipc.cv\/wp-content\/uploads\/2025\/05\/488246018_1105007435000359_4296687791960184409_n-768x402.jpg 768w, https:\/\/ipc.cv\/wp-content\/uploads\/2025\/05\/488246018_1105007435000359_4296687791960184409_n-1536x804.jpg 1536w, https:\/\/ipc.cv\/wp-content\/uploads\/2025\/05\/488246018_1105007435000359_4296687791960184409_n-18x9.jpg 18w, https:\/\/ipc.cv\/wp-content\/uploads\/2025\/05\/488246018_1105007435000359_4296687791960184409_n.jpg 1600w\" sizes=\"(max-width: 1024px) 100vw, 1024px\" \/><\/figure>\n\n\n\n<figure class=\"wp-block-image size-large\"><img loading=\"lazy\" decoding=\"async\" width=\"1024\" height=\"682\" data-id=\"17309\" src=\"https:\/\/ipc.cv\/wp-content\/uploads\/2025\/05\/487477374_1105007655000337_2323443334741856133_n-1024x682.jpg\" alt=\"\" class=\"wp-image-17309\" srcset=\"https:\/\/ipc.cv\/wp-content\/uploads\/2025\/05\/487477374_1105007655000337_2323443334741856133_n-1024x682.jpg 1024w, https:\/\/ipc.cv\/wp-content\/uploads\/2025\/05\/487477374_1105007655000337_2323443334741856133_n-300x200.jpg 300w, https:\/\/ipc.cv\/wp-content\/uploads\/2025\/05\/487477374_1105007655000337_2323443334741856133_n-768x512.jpg 768w, https:\/\/ipc.cv\/wp-content\/uploads\/2025\/05\/487477374_1105007655000337_2323443334741856133_n-1536x1023.jpg 1536w, https:\/\/ipc.cv\/wp-content\/uploads\/2025\/05\/487477374_1105007655000337_2323443334741856133_n-18x12.jpg 18w, https:\/\/ipc.cv\/wp-content\/uploads\/2025\/05\/487477374_1105007655000337_2323443334741856133_n.jpg 1600w\" sizes=\"(max-width: 1024px) 100vw, 1024px\" \/><\/figure>\n\n\n\n<figure class=\"wp-block-image size-large\"><img loading=\"lazy\" decoding=\"async\" width=\"1024\" height=\"682\" data-id=\"17310\" src=\"https:\/\/ipc.cv\/wp-content\/uploads\/2025\/05\/487167189_1105007625000340_3607205037393689317_n-1024x682.jpg\" alt=\"\" class=\"wp-image-17310\" srcset=\"https:\/\/ipc.cv\/wp-content\/uploads\/2025\/05\/487167189_1105007625000340_3607205037393689317_n-1024x682.jpg 1024w, https:\/\/ipc.cv\/wp-content\/uploads\/2025\/05\/487167189_1105007625000340_3607205037393689317_n-300x200.jpg 300w, https:\/\/ipc.cv\/wp-content\/uploads\/2025\/05\/487167189_1105007625000340_3607205037393689317_n-768x512.jpg 768w, https:\/\/ipc.cv\/wp-content\/uploads\/2025\/05\/487167189_1105007625000340_3607205037393689317_n-1536x1023.jpg 1536w, https:\/\/ipc.cv\/wp-content\/uploads\/2025\/05\/487167189_1105007625000340_3607205037393689317_n-18x12.jpg 18w, https:\/\/ipc.cv\/wp-content\/uploads\/2025\/05\/487167189_1105007625000340_3607205037393689317_n.jpg 1600w\" sizes=\"(max-width: 1024px) 100vw, 1024px\" \/><\/figure>\n\n\n\n<figure class=\"wp-block-image size-large\"><img loading=\"lazy\" decoding=\"async\" width=\"1024\" height=\"683\" data-id=\"17308\" src=\"https:\/\/ipc.cv\/wp-content\/uploads\/2025\/05\/487443430_1105007591667010_7942563955861543708_n-1024x683.jpg\" alt=\"\" class=\"wp-image-17308\" srcset=\"https:\/\/ipc.cv\/wp-content\/uploads\/2025\/05\/487443430_1105007591667010_7942563955861543708_n-1024x683.jpg 1024w, https:\/\/ipc.cv\/wp-content\/uploads\/2025\/05\/487443430_1105007591667010_7942563955861543708_n-300x200.jpg 300w, https:\/\/ipc.cv\/wp-content\/uploads\/2025\/05\/487443430_1105007591667010_7942563955861543708_n-768x512.jpg 768w, https:\/\/ipc.cv\/wp-content\/uploads\/2025\/05\/487443430_1105007591667010_7942563955861543708_n-1536x1024.jpg 1536w, https:\/\/ipc.cv\/wp-content\/uploads\/2025\/05\/487443430_1105007591667010_7942563955861543708_n-18x12.jpg 18w, https:\/\/ipc.cv\/wp-content\/uploads\/2025\/05\/487443430_1105007591667010_7942563955861543708_n.jpg 1600w\" sizes=\"(max-width: 1024px) 100vw, 1024px\" \/><\/figure>\n\n\n\n<figure class=\"wp-block-image size-large\"><img loading=\"lazy\" decoding=\"async\" width=\"1024\" height=\"682\" data-id=\"17307\" src=\"https:\/\/ipc.cv\/wp-content\/uploads\/2025\/05\/487510856_1105007618333674_4308678083845799060_n-1024x682.jpg\" alt=\"\" class=\"wp-image-17307\" srcset=\"https:\/\/ipc.cv\/wp-content\/uploads\/2025\/05\/487510856_1105007618333674_4308678083845799060_n-1024x682.jpg 1024w, https:\/\/ipc.cv\/wp-content\/uploads\/2025\/05\/487510856_1105007618333674_4308678083845799060_n-300x200.jpg 300w, https:\/\/ipc.cv\/wp-content\/uploads\/2025\/05\/487510856_1105007618333674_4308678083845799060_n-768x512.jpg 768w, https:\/\/ipc.cv\/wp-content\/uploads\/2025\/05\/487510856_1105007618333674_4308678083845799060_n-1536x1023.jpg 1536w, https:\/\/ipc.cv\/wp-content\/uploads\/2025\/05\/487510856_1105007618333674_4308678083845799060_n-18x12.jpg 18w, https:\/\/ipc.cv\/wp-content\/uploads\/2025\/05\/487510856_1105007618333674_4308678083845799060_n.jpg 1600w\" sizes=\"(max-width: 1024px) 100vw, 1024px\" \/><\/figure>\n\n\n\n<figure class=\"wp-block-image size-large\"><img loading=\"lazy\" decoding=\"async\" width=\"1024\" height=\"682\" data-id=\"17312\" src=\"https:\/\/ipc.cv\/wp-content\/uploads\/2025\/05\/487509812_1105007345000368_7769616913743010652_n-1024x682.jpg\" alt=\"\" class=\"wp-image-17312\" srcset=\"https:\/\/ipc.cv\/wp-content\/uploads\/2025\/05\/487509812_1105007345000368_7769616913743010652_n-1024x682.jpg 1024w, https:\/\/ipc.cv\/wp-content\/uploads\/2025\/05\/487509812_1105007345000368_7769616913743010652_n-300x200.jpg 300w, https:\/\/ipc.cv\/wp-content\/uploads\/2025\/05\/487509812_1105007345000368_7769616913743010652_n-768x512.jpg 768w, https:\/\/ipc.cv\/wp-content\/uploads\/2025\/05\/487509812_1105007345000368_7769616913743010652_n-1536x1023.jpg 1536w, https:\/\/ipc.cv\/wp-content\/uploads\/2025\/05\/487509812_1105007345000368_7769616913743010652_n-18x12.jpg 18w, https:\/\/ipc.cv\/wp-content\/uploads\/2025\/05\/487509812_1105007345000368_7769616913743010652_n.jpg 1600w\" sizes=\"(max-width: 1024px) 100vw, 1024px\" \/><\/figure>\n<\/figure>","protected":false},"excerpt":{"rendered":"<p>O Munic\u00edpio de S\u00e3o Miguel acolheu, esta segunda-feira, o Semin\u00e1rio \u201cA L\u00edngua Cabo-verdiana como Ve\u00edculo de Afirma\u00e7\u00e3o da Identidade Cultural\u201d, uma iniciativa do Instituto do Patrim\u00f3nio Cultural em parceria com a C\u00e2mara Municipal de S\u00e3o Miguel. O evento, integrado nas celebra\u00e7\u00f5es do Dia Internacional da L\u00edngua Materna, constituiu um espa\u00e7o de reflex\u00e3o e partilha sobre [&hellip;]<\/p>\n","protected":false},"featured_media":17313,"template":"","meta":[],"tags":[],"class_list":["post-17300","noticias","type-noticias","status-publish","has-post-thumbnail","hentry"],"_links":{"self":[{"href":"https:\/\/ipc.cv\/fr\/wp-json\/wp\/v2\/noticias\/17300","targetHints":{"allow":["GET"]}}],"collection":[{"href":"https:\/\/ipc.cv\/fr\/wp-json\/wp\/v2\/noticias"}],"about":[{"href":"https:\/\/ipc.cv\/fr\/wp-json\/wp\/v2\/types\/noticias"}],"wp:featuredmedia":[{"embeddable":true,"href":"https:\/\/ipc.cv\/fr\/wp-json\/wp\/v2\/media\/17313"}],"wp:attachment":[{"href":"https:\/\/ipc.cv\/fr\/wp-json\/wp\/v2\/media?parent=17300"}],"wp:term":[{"taxonomy":"post_tag","embeddable":true,"href":"https:\/\/ipc.cv\/fr\/wp-json\/wp\/v2\/tags?post=17300"}],"curies":[{"name":"wp","href":"https:\/\/api.w.org\/{rel}","templated":true}]}}