{"id":17295,"date":"2025-02-26T09:43:00","date_gmt":"2025-02-26T10:43:00","guid":{"rendered":"https:\/\/ipc.cv\/?post_type=noticias&#038;p=17295"},"modified":"2025-05-02T09:45:57","modified_gmt":"2025-05-02T10:45:57","slug":"equipa-conjunta-mcic-e-cmsm-realiza-visita-a-comunidade-dos-rabelados-de-espinho-branco","status":"publish","type":"noticias","link":"https:\/\/ipc.cv\/fr\/noticias\/equipa-conjunta-mcic-e-cmsm-realiza-visita-a-comunidade-dos-rabelados-de-espinho-branco\/","title":{"rendered":"Equipa conjunta \u2013 MCIC e CMSM &#8211; realiza visita \u00e0 Comunidade dos Rabelados de Espinho Branco"},"content":{"rendered":"<p>Uma equipa destacada do Minist\u00e9rio da Cultura e das Ind\u00fastrias Criativas composta pela presidente do Instituto do Patrim\u00f3nio Cultural, Ana Samira Silva Baessa e os seus t\u00e9cnicos, o Diretor Geral de Planeamento, Or\u00e7amento e Gest\u00e3o, Ivanildo Fernandes e t\u00e9cnicos, acompanhado da equipa da C\u00e2mara Municipal de S\u00e3o Miguel, liderada pelo presidente, Herm\u00e9nio Fernandes realizou uma visita e encontro com membros da Comunidade dos Rabelados de Espinho Branco<\/p>\n\n\n\n<p>A visita teve como prop\u00f3sito discutir, com os membros daquela comunidade, com a reabilita\u00e7\u00e3o da Aldeia.<\/p>\n\n\n\n<p>Um projeto, mais ambicioso, que dever\u00e1 integrar um Centro Interpretativo que resgata a hist\u00f3ria e a viv\u00eancia dos rabelados, a reabilita\u00e7\u00e3o da oficina integrando a componente de produ\u00e7\u00e3o e venda, de produtos artesanais, uma pequena unidade de venda de \u00e1gua e caf\u00e9, e a reconstru\u00e7\u00e3o das casas que foram consumidas pelo inc\u00eandio.<\/p>\n\n\n\n<figure class=\"wp-block-gallery has-nested-images columns-default is-cropped wp-block-gallery-1 is-layout-flex wp-block-gallery-is-layout-flex\">\n<figure class=\"wp-block-image size-large\"><img fetchpriority=\"high\" decoding=\"async\" width=\"1024\" height=\"616\" data-id=\"17298\" src=\"https:\/\/ipc.cv\/wp-content\/uploads\/2025\/05\/487839975_1082157207290022_2533187102420143978_n-1024x616.jpg\" alt=\"\" class=\"wp-image-17298\" srcset=\"https:\/\/ipc.cv\/wp-content\/uploads\/2025\/05\/487839975_1082157207290022_2533187102420143978_n-1024x616.jpg 1024w, https:\/\/ipc.cv\/wp-content\/uploads\/2025\/05\/487839975_1082157207290022_2533187102420143978_n-300x180.jpg 300w, https:\/\/ipc.cv\/wp-content\/uploads\/2025\/05\/487839975_1082157207290022_2533187102420143978_n-768x462.jpg 768w, https:\/\/ipc.cv\/wp-content\/uploads\/2025\/05\/487839975_1082157207290022_2533187102420143978_n-1536x924.jpg 1536w, https:\/\/ipc.cv\/wp-content\/uploads\/2025\/05\/487839975_1082157207290022_2533187102420143978_n-18x12.jpg 18w, https:\/\/ipc.cv\/wp-content\/uploads\/2025\/05\/487839975_1082157207290022_2533187102420143978_n.jpg 2048w\" sizes=\"(max-width: 1024px) 100vw, 1024px\" \/><\/figure>\n\n\n\n<figure class=\"wp-block-image size-large\"><img decoding=\"async\" width=\"1024\" height=\"680\" data-id=\"17297\" src=\"https:\/\/ipc.cv\/wp-content\/uploads\/2025\/05\/488279400_1082157400623336_946599342881260828_n-1024x680.jpg\" alt=\"\" class=\"wp-image-17297\" srcset=\"https:\/\/ipc.cv\/wp-content\/uploads\/2025\/05\/488279400_1082157400623336_946599342881260828_n-1024x680.jpg 1024w, https:\/\/ipc.cv\/wp-content\/uploads\/2025\/05\/488279400_1082157400623336_946599342881260828_n-300x199.jpg 300w, https:\/\/ipc.cv\/wp-content\/uploads\/2025\/05\/488279400_1082157400623336_946599342881260828_n-768x510.jpg 768w, https:\/\/ipc.cv\/wp-content\/uploads\/2025\/05\/488279400_1082157400623336_946599342881260828_n-1536x1020.jpg 1536w, https:\/\/ipc.cv\/wp-content\/uploads\/2025\/05\/488279400_1082157400623336_946599342881260828_n-18x12.jpg 18w, https:\/\/ipc.cv\/wp-content\/uploads\/2025\/05\/488279400_1082157400623336_946599342881260828_n.jpg 2048w\" sizes=\"(max-width: 1024px) 100vw, 1024px\" \/><\/figure>\n\n\n\n<figure class=\"wp-block-image size-large\"><img decoding=\"async\" width=\"595\" height=\"395\" data-id=\"17296\" src=\"https:\/\/ipc.cv\/wp-content\/uploads\/2025\/05\/488512171_1082157093956700_8891437601629659697_n.jpg\" alt=\"\" class=\"wp-image-17296\" srcset=\"https:\/\/ipc.cv\/wp-content\/uploads\/2025\/05\/488512171_1082157093956700_8891437601629659697_n.jpg 595w, https:\/\/ipc.cv\/wp-content\/uploads\/2025\/05\/488512171_1082157093956700_8891437601629659697_n-300x199.jpg 300w, https:\/\/ipc.cv\/wp-content\/uploads\/2025\/05\/488512171_1082157093956700_8891437601629659697_n-18x12.jpg 18w\" sizes=\"(max-width: 595px) 100vw, 595px\" \/><\/figure>\n<\/figure>\n\n\n\n<p>\u00c9 igualmente preocupa\u00e7\u00e3o desta interven\u00e7\u00e3o qualificar os espa\u00e7os de conv\u00edvio da comunidade e o arranjo da zona envolvente.<\/p>\n\n\n\n<p>Recorde-se que o Ministro da Cultura e das Ind\u00fastrias Criativas, Augusto Veiga, esteve no concelho de S\u00e3o Miguel, em finais de janeiro de 2025, para uma visita a v\u00e1rios pontos, tendo sido um deles a Comunidade de Rabelados de Espinho Branco, dando garantias de que os trabalhos ir\u00e3o avan\u00e7ar numa parceria entre o Governo, atrav\u00e9s do MCIC, sob coordena\u00e7\u00e3o do IPC e a C\u00e2mara Municipal de S\u00e3o Miguel, mas salvaguardando o que a comunidade tamb\u00e9m pretende.<\/p>","protected":false},"excerpt":{"rendered":"<p>Uma equipa destacada do Minist\u00e9rio da Cultura e das Ind\u00fastrias Criativas composta pela presidente do Instituto do Patrim\u00f3nio Cultural, Ana Samira Silva Baessa e os seus t\u00e9cnicos, o Diretor Geral de Planeamento, Or\u00e7amento e Gest\u00e3o, Ivanildo Fernandes e t\u00e9cnicos, acompanhado da equipa da C\u00e2mara Municipal de S\u00e3o Miguel, liderada pelo presidente, Herm\u00e9nio Fernandes realizou uma [&hellip;]<\/p>\n","protected":false},"featured_media":17299,"template":"","meta":[],"tags":[],"class_list":["post-17295","noticias","type-noticias","status-publish","has-post-thumbnail","hentry"],"_links":{"self":[{"href":"https:\/\/ipc.cv\/fr\/wp-json\/wp\/v2\/noticias\/17295","targetHints":{"allow":["GET"]}}],"collection":[{"href":"https:\/\/ipc.cv\/fr\/wp-json\/wp\/v2\/noticias"}],"about":[{"href":"https:\/\/ipc.cv\/fr\/wp-json\/wp\/v2\/types\/noticias"}],"wp:featuredmedia":[{"embeddable":true,"href":"https:\/\/ipc.cv\/fr\/wp-json\/wp\/v2\/media\/17299"}],"wp:attachment":[{"href":"https:\/\/ipc.cv\/fr\/wp-json\/wp\/v2\/media?parent=17295"}],"wp:term":[{"taxonomy":"post_tag","embeddable":true,"href":"https:\/\/ipc.cv\/fr\/wp-json\/wp\/v2\/tags?post=17295"}],"curies":[{"name":"wp","href":"https:\/\/api.w.org\/{rel}","templated":true}]}}