{"id":8441,"date":"2024-08-23T15:30:00","date_gmt":"2024-08-23T16:30:00","guid":{"rendered":"https:\/\/ipc.cv\/?post_type=noticias&#038;p=8441"},"modified":"2024-08-28T09:33:24","modified_gmt":"2024-08-28T10:33:24","slug":"mcic-visita-instituto-do-patrimonio-cultural","status":"publish","type":"noticias","link":"https:\/\/ipc.cv\/en\/noticias\/mcic-visita-instituto-do-patrimonio-cultural\/","title":{"rendered":"MCIC visita Instituto do Patrim\u00f3nio Cultural"},"content":{"rendered":"<p><\/p>\n\n\n\n<p>O IPC &#8211; Instituto do Patrim\u00f3nio Cultural \u00e9 um \u00f3rg\u00e3o importante dentro da estrutura do Minist\u00e9rio da Cultura e das Ind\u00fastrias Criativas.<\/p>\n\n\n\n<p>Tendo como miss\u00e3o a identifica\u00e7\u00e3o, inventaria\u00e7\u00e3o, investiga\u00e7\u00e3o, salvaguarda, defesa e divulga\u00e7\u00e3o dos valores do patrim\u00f3nio cultural, m\u00f3vel e im\u00f3vel, material e imaterial do povo cabo-verdiano, o IPC tem estado \u00e0 frente de v\u00e1rios projetos de salvaguarda, valoriza\u00e7\u00e3o e recupera\u00e7\u00e3o do patrim\u00f3nio <a><\/a>hist\u00f3rico e cultural, material e imaterial.<\/p>\n\n\n\n<figure class=\"wp-block-gallery has-nested-images columns-default is-cropped wp-block-gallery-1 is-layout-flex wp-block-gallery-is-layout-flex\">\n<figure class=\"wp-block-image size-large\"><img fetchpriority=\"high\" decoding=\"async\" width=\"1024\" height=\"683\" data-id=\"8443\" src=\"https:\/\/ipc.cv\/wp-content\/uploads\/2024\/08\/456879926_918320193673725_1309783940005281715_n-1024x683.jpg\" alt=\"\" class=\"wp-image-8443\" srcset=\"https:\/\/ipc.cv\/wp-content\/uploads\/2024\/08\/456879926_918320193673725_1309783940005281715_n-1024x683.jpg 1024w, https:\/\/ipc.cv\/wp-content\/uploads\/2024\/08\/456879926_918320193673725_1309783940005281715_n-300x200.jpg 300w, https:\/\/ipc.cv\/wp-content\/uploads\/2024\/08\/456879926_918320193673725_1309783940005281715_n-768x512.jpg 768w, https:\/\/ipc.cv\/wp-content\/uploads\/2024\/08\/456879926_918320193673725_1309783940005281715_n-1536x1024.jpg 1536w, https:\/\/ipc.cv\/wp-content\/uploads\/2024\/08\/456879926_918320193673725_1309783940005281715_n-18x12.jpg 18w, https:\/\/ipc.cv\/wp-content\/uploads\/2024\/08\/456879926_918320193673725_1309783940005281715_n.jpg 2048w\" sizes=\"(max-width: 1024px) 100vw, 1024px\" \/><\/figure>\n\n\n\n<figure class=\"wp-block-image size-large\"><img decoding=\"async\" width=\"1024\" height=\"683\" data-id=\"8442\" src=\"https:\/\/ipc.cv\/wp-content\/uploads\/2024\/08\/456657592_918320243673720_7677080680860362947_n-1024x683.jpg\" alt=\"\" class=\"wp-image-8442\" srcset=\"https:\/\/ipc.cv\/wp-content\/uploads\/2024\/08\/456657592_918320243673720_7677080680860362947_n-1024x683.jpg 1024w, https:\/\/ipc.cv\/wp-content\/uploads\/2024\/08\/456657592_918320243673720_7677080680860362947_n-300x200.jpg 300w, https:\/\/ipc.cv\/wp-content\/uploads\/2024\/08\/456657592_918320243673720_7677080680860362947_n-768x512.jpg 768w, https:\/\/ipc.cv\/wp-content\/uploads\/2024\/08\/456657592_918320243673720_7677080680860362947_n-1536x1024.jpg 1536w, https:\/\/ipc.cv\/wp-content\/uploads\/2024\/08\/456657592_918320243673720_7677080680860362947_n-18x12.jpg 18w, https:\/\/ipc.cv\/wp-content\/uploads\/2024\/08\/456657592_918320243673720_7677080680860362947_n.jpg 2048w\" sizes=\"(max-width: 1024px) 100vw, 1024px\" \/><\/figure>\n\n\n\n<figure class=\"wp-block-image size-large\"><img decoding=\"async\" width=\"1024\" height=\"683\" data-id=\"8444\" src=\"https:\/\/ipc.cv\/wp-content\/uploads\/2024\/08\/456445904_918320180340393_9192626979114393312_n-1024x683.jpg\" alt=\"\" class=\"wp-image-8444\" srcset=\"https:\/\/ipc.cv\/wp-content\/uploads\/2024\/08\/456445904_918320180340393_9192626979114393312_n-1024x683.jpg 1024w, https:\/\/ipc.cv\/wp-content\/uploads\/2024\/08\/456445904_918320180340393_9192626979114393312_n-300x200.jpg 300w, https:\/\/ipc.cv\/wp-content\/uploads\/2024\/08\/456445904_918320180340393_9192626979114393312_n-768x512.jpg 768w, https:\/\/ipc.cv\/wp-content\/uploads\/2024\/08\/456445904_918320180340393_9192626979114393312_n-1536x1024.jpg 1536w, https:\/\/ipc.cv\/wp-content\/uploads\/2024\/08\/456445904_918320180340393_9192626979114393312_n-18x12.jpg 18w, https:\/\/ipc.cv\/wp-content\/uploads\/2024\/08\/456445904_918320180340393_9192626979114393312_n.jpg 2048w\" sizes=\"(max-width: 1024px) 100vw, 1024px\" \/><\/figure>\n<\/figure>\n\n\n\n<p>Na primeira visita que o Ministro da Cultura e das Ind\u00fastrias Criativas, Augusto Veiga, realizou na manh\u00e3 desta sexta-feira, 23 de agosto, este ressaltou a import\u00e2ncia desta institui\u00e7\u00e3o para o Estado e para o pa\u00eds.<\/p>\n\n\n\n<p>&#8220;Tenho plena no\u00e7\u00e3o da grandezas dos projetos que o Insituto do Patrim\u00f3nio Cultural tem coordenado e quero que todos os colaboradores saibam que podem contar comigo para darmos continuidade aos trabalhos&#8221;.<\/p>\n\n\n\n<p>Todas as institui\u00e7\u00f5es t\u00eam os seus desafios, e o IPC n\u00e3o \u00e9 diferente, mas o Governante garantiu que trabalhando juntos os desafios ser\u00e3o ultrapassados.<\/p>\n\n\n\n<p>O titular da pasta da cultura e das ind\u00fastrias criativas sublinhou, durante esta visita de cumprimento aos colaboradores, que ir\u00e1 ser feito um trabalho mais aprofundado no estreitar de rela\u00e7\u00f5es, principalmente com o setor do turismo para que se possa atrair mais turistas para Cabo Verde.<\/p>\n\n\n\n<figure class=\"wp-block-gallery has-nested-images columns-default is-cropped wp-block-gallery-2 is-layout-flex wp-block-gallery-is-layout-flex\">\n<figure class=\"wp-block-image size-large\"><img loading=\"lazy\" decoding=\"async\" width=\"1024\" height=\"683\" data-id=\"8445\" src=\"https:\/\/ipc.cv\/wp-content\/uploads\/2024\/08\/456645292_918320260340385_6868440532304982167_n-1024x683.jpg\" alt=\"\" class=\"wp-image-8445\" srcset=\"https:\/\/ipc.cv\/wp-content\/uploads\/2024\/08\/456645292_918320260340385_6868440532304982167_n-1024x683.jpg 1024w, https:\/\/ipc.cv\/wp-content\/uploads\/2024\/08\/456645292_918320260340385_6868440532304982167_n-300x200.jpg 300w, https:\/\/ipc.cv\/wp-content\/uploads\/2024\/08\/456645292_918320260340385_6868440532304982167_n-768x512.jpg 768w, https:\/\/ipc.cv\/wp-content\/uploads\/2024\/08\/456645292_918320260340385_6868440532304982167_n-1536x1024.jpg 1536w, https:\/\/ipc.cv\/wp-content\/uploads\/2024\/08\/456645292_918320260340385_6868440532304982167_n-18x12.jpg 18w, https:\/\/ipc.cv\/wp-content\/uploads\/2024\/08\/456645292_918320260340385_6868440532304982167_n.jpg 2048w\" sizes=\"(max-width: 1024px) 100vw, 1024px\" \/><\/figure>\n\n\n\n<figure class=\"wp-block-image size-large\"><img loading=\"lazy\" decoding=\"async\" width=\"1024\" height=\"765\" data-id=\"8447\" src=\"https:\/\/ipc.cv\/wp-content\/uploads\/2024\/08\/456708985_918320287007049_165440387816970105_n-1024x765.jpg\" alt=\"\" class=\"wp-image-8447\" srcset=\"https:\/\/ipc.cv\/wp-content\/uploads\/2024\/08\/456708985_918320287007049_165440387816970105_n-1024x765.jpg 1024w, https:\/\/ipc.cv\/wp-content\/uploads\/2024\/08\/456708985_918320287007049_165440387816970105_n-300x224.jpg 300w, https:\/\/ipc.cv\/wp-content\/uploads\/2024\/08\/456708985_918320287007049_165440387816970105_n-768x574.jpg 768w, https:\/\/ipc.cv\/wp-content\/uploads\/2024\/08\/456708985_918320287007049_165440387816970105_n-1536x1148.jpg 1536w, https:\/\/ipc.cv\/wp-content\/uploads\/2024\/08\/456708985_918320287007049_165440387816970105_n-16x12.jpg 16w, https:\/\/ipc.cv\/wp-content\/uploads\/2024\/08\/456708985_918320287007049_165440387816970105_n.jpg 2048w\" sizes=\"(max-width: 1024px) 100vw, 1024px\" \/><\/figure>\n\n\n\n<figure class=\"wp-block-image size-large\"><img loading=\"lazy\" decoding=\"async\" width=\"1024\" height=\"902\" data-id=\"8446\" src=\"https:\/\/ipc.cv\/wp-content\/uploads\/2024\/08\/456529142_918320087007069_6690680540547737646_n-1024x902.jpg\" alt=\"\" class=\"wp-image-8446\" srcset=\"https:\/\/ipc.cv\/wp-content\/uploads\/2024\/08\/456529142_918320087007069_6690680540547737646_n-1024x902.jpg 1024w, https:\/\/ipc.cv\/wp-content\/uploads\/2024\/08\/456529142_918320087007069_6690680540547737646_n-300x264.jpg 300w, https:\/\/ipc.cv\/wp-content\/uploads\/2024\/08\/456529142_918320087007069_6690680540547737646_n-768x677.jpg 768w, https:\/\/ipc.cv\/wp-content\/uploads\/2024\/08\/456529142_918320087007069_6690680540547737646_n-1536x1353.jpg 1536w, https:\/\/ipc.cv\/wp-content\/uploads\/2024\/08\/456529142_918320087007069_6690680540547737646_n-14x12.jpg 14w, https:\/\/ipc.cv\/wp-content\/uploads\/2024\/08\/456529142_918320087007069_6690680540547737646_n.jpg 2048w\" sizes=\"(max-width: 1024px) 100vw, 1024px\" \/><\/figure>\n<\/figure>\n\n\n\n<p>A presidente do IPC agradeceu a visita, em nome da institui\u00e7\u00e3o e dos seus colaboradores, ressaltando a credibilidade constru\u00edda ao longo dos anos, com reconhecimento internacional. Segundo a presidente, a equipa, que vem sendo renovada, devido \u00e0 situa\u00e7\u00e3o de reforma de muitos veteranos da casa, vai continuar a trabalhar afincadamente para o sucesso dos projetos e para a continua\u00e7\u00e3o da salvaguarda e valoriza\u00e7\u00e3o do patrim\u00f3nio.<\/p>","protected":false},"excerpt":{"rendered":"<p>O IPC &#8211; Instituto do Patrim\u00f3nio Cultural \u00e9 um \u00f3rg\u00e3o importante dentro da estrutura do Minist\u00e9rio da Cultura e das Ind\u00fastrias Criativas. Tendo como miss\u00e3o a identifica\u00e7\u00e3o, inventaria\u00e7\u00e3o, investiga\u00e7\u00e3o, salvaguarda, defesa e divulga\u00e7\u00e3o dos valores do patrim\u00f3nio cultural, m\u00f3vel e im\u00f3vel, material e imaterial do povo cabo-verdiano, o IPC tem estado \u00e0 frente de v\u00e1rios [&hellip;]<\/p>\n","protected":false},"featured_media":8448,"template":"","meta":[],"tags":[],"class_list":["post-8441","noticias","type-noticias","status-publish","has-post-thumbnail","hentry"],"_links":{"self":[{"href":"https:\/\/ipc.cv\/en\/wp-json\/wp\/v2\/noticias\/8441","targetHints":{"allow":["GET"]}}],"collection":[{"href":"https:\/\/ipc.cv\/en\/wp-json\/wp\/v2\/noticias"}],"about":[{"href":"https:\/\/ipc.cv\/en\/wp-json\/wp\/v2\/types\/noticias"}],"wp:featuredmedia":[{"embeddable":true,"href":"https:\/\/ipc.cv\/en\/wp-json\/wp\/v2\/media\/8448"}],"wp:attachment":[{"href":"https:\/\/ipc.cv\/en\/wp-json\/wp\/v2\/media?parent=8441"}],"wp:term":[{"taxonomy":"post_tag","embeddable":true,"href":"https:\/\/ipc.cv\/en\/wp-json\/wp\/v2\/tags?post=8441"}],"curies":[{"name":"wp","href":"https:\/\/api.w.org\/{rel}","templated":true}]}}