{"id":8069,"date":"2024-05-09T19:19:00","date_gmt":"2024-05-09T20:19:00","guid":{"rendered":"https:\/\/ipc.cv\/?post_type=noticias&#038;p=8069"},"modified":"2024-05-13T11:12:02","modified_gmt":"2024-05-13T12:12:02","slug":"abertura-do-simposio-internacional-memorias-e-dialogos-de-resistencia-em-tarrafal-de-santiago","status":"publish","type":"noticias","link":"https:\/\/ipc.cv\/en\/noticias\/abertura-do-simposio-internacional-memorias-e-dialogos-de-resistencia-em-tarrafal-de-santiago\/","title":{"rendered":"Abertura do Simp\u00f3sio Internacional &#8220;Mem\u00f3rias e Di\u00e1logos de Resist\u00eancia em Tarrafal de Santiago&#8221;"},"content":{"rendered":"<p><\/p>\n\n\n\n<p>Iniciou nesta quinta-feira, 09 de maio, o Simp\u00f3sio <a><\/a>Internacional de 2 dias sobre &#8220;Mem\u00f3rias e Di\u00e1logos de Resist\u00eancia em Tarrafal de Santiago&#8221;, que acontece no quadro dos 50 anos de Encerramento do Campo de Concentra\u00e7\u00e3o.<\/p>\n\n\n\n<p>No discurso de abertura, o Ministro da Cultura e das Ind\u00fastrias Criativas lembrou os ex presos pol\u00edticos de Portugal, Angola, Guin\u00e9-Bissau e Cabo Verde que ali sofreram os horrores impostos pelo regime colonial.<\/p>\n\n\n\n<p>Mais de 30 sucumbiram aos horrores e aos sobreviventes ficou marcado na pele e na mem\u00f3ria o sofrimento e a priva\u00e7\u00e3o da liberdade, da liberdade de express\u00e3o e de pensamento.<\/p>\n\n\n\n<p>\u201cN\u00e3o estamos aqui para celebrar nem o legado, nem as atrocidades, nem aquilo que representa Tarrafal na hist\u00f3ria comum dos povos da Comunidade dos Pa\u00edses de L\u00edngua Portuguesa. Estamos aqui para n\u00e3o esquecermos\u201d, lembrou o Governante.<\/p>\n\n\n\n<figure class=\"wp-block-gallery has-nested-images columns-default is-cropped wp-block-gallery-1 is-layout-flex wp-block-gallery-is-layout-flex\">\n<figure class=\"wp-block-image size-large\"><img fetchpriority=\"high\" decoding=\"async\" width=\"962\" height=\"1024\" data-id=\"8076\" src=\"https:\/\/ipc.cv\/wp-content\/uploads\/2024\/05\/442393428_851249123714166_8311837164675016043_n-1-962x1024.jpg\" alt=\"\" class=\"wp-image-8076\" srcset=\"https:\/\/ipc.cv\/wp-content\/uploads\/2024\/05\/442393428_851249123714166_8311837164675016043_n-1-962x1024.jpg 962w, https:\/\/ipc.cv\/wp-content\/uploads\/2024\/05\/442393428_851249123714166_8311837164675016043_n-1-282x300.jpg 282w, https:\/\/ipc.cv\/wp-content\/uploads\/2024\/05\/442393428_851249123714166_8311837164675016043_n-1-768x817.jpg 768w, https:\/\/ipc.cv\/wp-content\/uploads\/2024\/05\/442393428_851249123714166_8311837164675016043_n-1-1443x1536.jpg 1443w, https:\/\/ipc.cv\/wp-content\/uploads\/2024\/05\/442393428_851249123714166_8311837164675016043_n-1-11x12.jpg 11w, https:\/\/ipc.cv\/wp-content\/uploads\/2024\/05\/442393428_851249123714166_8311837164675016043_n-1.jpg 1924w\" sizes=\"(max-width: 962px) 100vw, 962px\" \/><\/figure>\n\n\n\n<figure class=\"wp-block-image size-large\"><img decoding=\"async\" width=\"1024\" height=\"649\" data-id=\"8074\" src=\"https:\/\/ipc.cv\/wp-content\/uploads\/2024\/05\/441524126_851249347047477_5136708265154600696_n-1024x649.jpg\" alt=\"\" class=\"wp-image-8074\" srcset=\"https:\/\/ipc.cv\/wp-content\/uploads\/2024\/05\/441524126_851249347047477_5136708265154600696_n-1024x649.jpg 1024w, https:\/\/ipc.cv\/wp-content\/uploads\/2024\/05\/441524126_851249347047477_5136708265154600696_n-300x190.jpg 300w, https:\/\/ipc.cv\/wp-content\/uploads\/2024\/05\/441524126_851249347047477_5136708265154600696_n-768x486.jpg 768w, https:\/\/ipc.cv\/wp-content\/uploads\/2024\/05\/441524126_851249347047477_5136708265154600696_n-1536x973.jpg 1536w, https:\/\/ipc.cv\/wp-content\/uploads\/2024\/05\/441524126_851249347047477_5136708265154600696_n-18x12.jpg 18w, https:\/\/ipc.cv\/wp-content\/uploads\/2024\/05\/441524126_851249347047477_5136708265154600696_n.jpg 2048w\" sizes=\"(max-width: 1024px) 100vw, 1024px\" \/><\/figure>\n\n\n\n<figure class=\"wp-block-image size-large\"><img decoding=\"async\" width=\"1024\" height=\"643\" data-id=\"8075\" src=\"https:\/\/ipc.cv\/wp-content\/uploads\/2024\/05\/436336799_851249173714161_8014151763564351690_n-1024x643.jpg\" alt=\"\" class=\"wp-image-8075\" srcset=\"https:\/\/ipc.cv\/wp-content\/uploads\/2024\/05\/436336799_851249173714161_8014151763564351690_n-1024x643.jpg 1024w, https:\/\/ipc.cv\/wp-content\/uploads\/2024\/05\/436336799_851249173714161_8014151763564351690_n-300x188.jpg 300w, https:\/\/ipc.cv\/wp-content\/uploads\/2024\/05\/436336799_851249173714161_8014151763564351690_n-768x482.jpg 768w, https:\/\/ipc.cv\/wp-content\/uploads\/2024\/05\/436336799_851249173714161_8014151763564351690_n-1536x964.jpg 1536w, https:\/\/ipc.cv\/wp-content\/uploads\/2024\/05\/436336799_851249173714161_8014151763564351690_n-18x12.jpg 18w, https:\/\/ipc.cv\/wp-content\/uploads\/2024\/05\/436336799_851249173714161_8014151763564351690_n.jpg 2048w\" sizes=\"(max-width: 1024px) 100vw, 1024px\" \/><\/figure>\n<\/figure>\n\n\n\n<p>As atividades que vem sendo realizadas no Campo de Concentra\u00e7\u00e3o de Tarrafal, por estes dias, \u00e9 um tributo \u00e0 mem\u00f3ria dos que aqui pereceram, aos ex presos pol\u00edticos que continuam como mem\u00f3ria viva ainda mais importante que a pr\u00f3pria estrutura, que recebeu obras de recupera\u00e7\u00e3o e reabilita\u00e7\u00e3o, e que alberga um audit\u00f3rio, biblioteca de livros proibidos e uma enorme exposi\u00e7\u00e3o permanente.<\/p>\n\n\n\n<p>\u201cSe pud\u00e9ssemos escolher n\u00e3o ter\u00edamos Tarrafal como parte da nossa heran\u00e7a hist\u00f3rica\u201d, afian\u00e7ou, ainda, o titular da pasta da cultura concluindo que esta \u00e9 uma hist\u00f3ria e heran\u00e7a que Cabo Verde partilha cm Angola, Guin\u00e9-Bissau e Portugal, os quatro pa\u00edses que tiveram homens presos neste Campo.<\/p>\n\n\n\n<p>O mesmo aproveitou o momento para deixar a mensagem para \u201cos momentos pol\u00edticos\u201d que se testemunha atualmente, em v\u00e1rios pa\u00edses que se aproximam e acarinham momentos hist\u00f3ricos que permitiram que Tarrafal acontecesse.<\/p>\n\n\n\n<p>\u201cEstamos aqui para fazer, sim, um tributo \u00e0 independ\u00eancia e \u00e0 democracia. \u00c0 liberdade de express\u00e3o, de pensamento, de cidadania atrav\u00e9s do longo percurso dos nossos povos para que hoje de facto possamos erguer como cidad\u00e3os livres de pensamento, nacionalidade e dignidade\u201d.<\/p>\n\n\n\n<p>As atividades alusivas aos 50 anos de 25 de abril e 50 anos do Encerramento do Campo de Concentra\u00e7\u00e3o conta com cofinanciamento da Coopera\u00e7\u00e3o Portuguesa atrav\u00e9s de um Memorando assinado em 2023 entre Cabo Verde e Portugal.<\/p>\n\n\n\n<figure class=\"wp-block-gallery has-nested-images columns-default is-cropped wp-block-gallery-2 is-layout-flex wp-block-gallery-is-layout-flex\">\n<figure class=\"wp-block-image size-large\"><img loading=\"lazy\" decoding=\"async\" width=\"895\" height=\"1024\" data-id=\"8083\" src=\"https:\/\/ipc.cv\/wp-content\/uploads\/2024\/05\/442386912_851249180380827_6361969339947906663_n-895x1024.jpg\" alt=\"\" class=\"wp-image-8083\" srcset=\"https:\/\/ipc.cv\/wp-content\/uploads\/2024\/05\/442386912_851249180380827_6361969339947906663_n-895x1024.jpg 895w, https:\/\/ipc.cv\/wp-content\/uploads\/2024\/05\/442386912_851249180380827_6361969339947906663_n-262x300.jpg 262w, https:\/\/ipc.cv\/wp-content\/uploads\/2024\/05\/442386912_851249180380827_6361969339947906663_n-768x879.jpg 768w, https:\/\/ipc.cv\/wp-content\/uploads\/2024\/05\/442386912_851249180380827_6361969339947906663_n-1343x1536.jpg 1343w, https:\/\/ipc.cv\/wp-content\/uploads\/2024\/05\/442386912_851249180380827_6361969339947906663_n-10x12.jpg 10w, https:\/\/ipc.cv\/wp-content\/uploads\/2024\/05\/442386912_851249180380827_6361969339947906663_n.jpg 1790w\" sizes=\"(max-width: 895px) 100vw, 895px\" \/><\/figure>\n\n\n\n<figure class=\"wp-block-image size-large\"><img loading=\"lazy\" decoding=\"async\" width=\"1024\" height=\"640\" data-id=\"8085\" src=\"https:\/\/ipc.cv\/wp-content\/uploads\/2024\/05\/442412952_851249170380828_9149282337388991186_n-1-1024x640.jpg\" alt=\"\" class=\"wp-image-8085\" srcset=\"https:\/\/ipc.cv\/wp-content\/uploads\/2024\/05\/442412952_851249170380828_9149282337388991186_n-1-1024x640.jpg 1024w, https:\/\/ipc.cv\/wp-content\/uploads\/2024\/05\/442412952_851249170380828_9149282337388991186_n-1-300x187.jpg 300w, https:\/\/ipc.cv\/wp-content\/uploads\/2024\/05\/442412952_851249170380828_9149282337388991186_n-1-768x480.jpg 768w, https:\/\/ipc.cv\/wp-content\/uploads\/2024\/05\/442412952_851249170380828_9149282337388991186_n-1-1536x959.jpg 1536w, https:\/\/ipc.cv\/wp-content\/uploads\/2024\/05\/442412952_851249170380828_9149282337388991186_n-1-18x12.jpg 18w, https:\/\/ipc.cv\/wp-content\/uploads\/2024\/05\/442412952_851249170380828_9149282337388991186_n-1.jpg 2048w\" sizes=\"(max-width: 1024px) 100vw, 1024px\" \/><\/figure>\n\n\n\n<figure class=\"wp-block-image size-large\"><img loading=\"lazy\" decoding=\"async\" width=\"600\" height=\"378\" data-id=\"8084\" src=\"https:\/\/ipc.cv\/wp-content\/uploads\/2024\/05\/442415271_851248493714229_4627627202783406668_n.jpg\" alt=\"\" class=\"wp-image-8084\" srcset=\"https:\/\/ipc.cv\/wp-content\/uploads\/2024\/05\/442415271_851248493714229_4627627202783406668_n.jpg 600w, https:\/\/ipc.cv\/wp-content\/uploads\/2024\/05\/442415271_851248493714229_4627627202783406668_n-300x189.jpg 300w, https:\/\/ipc.cv\/wp-content\/uploads\/2024\/05\/442415271_851248493714229_4627627202783406668_n-18x12.jpg 18w\" sizes=\"(max-width: 600px) 100vw, 600px\" \/><\/figure>\n<\/figure>\n\n\n\n<p>As mesmas encerram nesta sexta-feira, 10 de maio, com o \u201cFestival de Resist\u00eancia \u2013 Do Eco \u00e0 M\u00fasica\u201d, que contar\u00e1 com a participa\u00e7\u00e3o de artistas 4 pa\u00edses: Cabo Verde, Guin\u00e9-Bissau, Angola e Portugal.<\/p>\n\n\n\n<p>O ato contou com alocu\u00e7\u00f5es do Diretor Geral do Escrit\u00f3rio Regional da Unesco, Dakar, Dimitri Sanga, em representa\u00e7\u00e3o da Diretora-Geral da UNESCO, Audrey Azoulay, o vereador para a \u00e1rea do turismo, Arnaldo Andrade, em representa\u00e7\u00e3o ao presidente da CMTS, a Embaixadora da Rep\u00fablica de Angola, o Embaixador da Rep\u00fablica de Guin\u00e9-Bissau e da Adida da coopera\u00e7\u00e3o Portuguesa, em representa\u00e7\u00e3o do Embaixador da Rep\u00fablica de Portugal.<\/p>\n\n\n\n<p><\/p>\n\n\n\n<p><\/p>","protected":false},"excerpt":{"rendered":"<p>Iniciou nesta quinta-feira, 09 de maio, o Simp\u00f3sio Internacional de 2 dias sobre &#8220;Mem\u00f3rias e Di\u00e1logos de Resist\u00eancia em Tarrafal de Santiago&#8221;, que acontece no quadro dos 50 anos de Encerramento do Campo de Concentra\u00e7\u00e3o. No discurso de abertura, o Ministro da Cultura e das Ind\u00fastrias Criativas lembrou os ex presos pol\u00edticos de Portugal, Angola, [&hellip;]<\/p>\n","protected":false},"featured_media":8064,"template":"","meta":[],"tags":[29],"class_list":["post-8069","noticias","type-noticias","status-publish","has-post-thumbnail","hentry","tag-titulo"],"_links":{"self":[{"href":"https:\/\/ipc.cv\/en\/wp-json\/wp\/v2\/noticias\/8069","targetHints":{"allow":["GET"]}}],"collection":[{"href":"https:\/\/ipc.cv\/en\/wp-json\/wp\/v2\/noticias"}],"about":[{"href":"https:\/\/ipc.cv\/en\/wp-json\/wp\/v2\/types\/noticias"}],"wp:featuredmedia":[{"embeddable":true,"href":"https:\/\/ipc.cv\/en\/wp-json\/wp\/v2\/media\/8064"}],"wp:attachment":[{"href":"https:\/\/ipc.cv\/en\/wp-json\/wp\/v2\/media?parent=8069"}],"wp:term":[{"taxonomy":"post_tag","embeddable":true,"href":"https:\/\/ipc.cv\/en\/wp-json\/wp\/v2\/tags?post=8069"}],"curies":[{"name":"wp","href":"https:\/\/api.w.org\/{rel}","templated":true}]}}