{"id":7742,"date":"2024-01-15T11:40:00","date_gmt":"2024-01-15T12:40:00","guid":{"rendered":"https:\/\/ipc.cv\/?post_type=noticias&#038;p=7742"},"modified":"2024-02-20T11:51:28","modified_gmt":"2024-02-20T12:51:28","slug":"valorizacao-do-patrimonio-arqueologico-missao-da-equipa-de-cambridge","status":"publish","type":"noticias","link":"https:\/\/ipc.cv\/en\/noticias\/valorizacao-do-patrimonio-arqueologico-missao-da-equipa-de-cambridge\/","title":{"rendered":"Valoriza\u00e7\u00e3o do Patrim\u00f3nio Arqueol\u00f3gico &#8211; Miss\u00e3o da equipa de Cambridge"},"content":{"rendered":"<p>Encontra-se em Cabo Verde uma equipa de 7 especialistas, composta por Arqueol\u00f3gos, Ambientalista e Historiadores, no quadro da parceria existente entre o IPC e a Universidade de Cambridge, para dar seguimento aos trabalhos arqueol\u00f3gicos na Ba\u00eda de Alcatraz e projetar a\u00e7\u00f5es futuras, tendo em vista a conserva\u00e7\u00e3o e valoriza\u00e7\u00e3o dos achados arqueol\u00f3gicos.<\/p>\n\n\n\n<figure class=\"wp-block-gallery has-nested-images columns-default is-cropped wp-block-gallery-1 is-layout-flex wp-block-gallery-is-layout-flex\">\n<figure class=\"wp-block-image size-large\"><img fetchpriority=\"high\" decoding=\"async\" width=\"1024\" height=\"682\" data-id=\"7745\" src=\"https:\/\/ipc.cv\/wp-content\/uploads\/2024\/02\/Valorizacao-do-Patrimonio-Arqueologico-Missao-da-equipa-de-Cambridge-1-1024x682.jpg\" alt=\"\" class=\"wp-image-7745\" srcset=\"https:\/\/ipc.cv\/wp-content\/uploads\/2024\/02\/Valorizacao-do-Patrimonio-Arqueologico-Missao-da-equipa-de-Cambridge-1-1024x682.jpg 1024w, https:\/\/ipc.cv\/wp-content\/uploads\/2024\/02\/Valorizacao-do-Patrimonio-Arqueologico-Missao-da-equipa-de-Cambridge-1-300x200.jpg 300w, https:\/\/ipc.cv\/wp-content\/uploads\/2024\/02\/Valorizacao-do-Patrimonio-Arqueologico-Missao-da-equipa-de-Cambridge-1-768x512.jpg 768w, https:\/\/ipc.cv\/wp-content\/uploads\/2024\/02\/Valorizacao-do-Patrimonio-Arqueologico-Missao-da-equipa-de-Cambridge-1-1536x1023.jpg 1536w, https:\/\/ipc.cv\/wp-content\/uploads\/2024\/02\/Valorizacao-do-Patrimonio-Arqueologico-Missao-da-equipa-de-Cambridge-1-18x12.jpg 18w, https:\/\/ipc.cv\/wp-content\/uploads\/2024\/02\/Valorizacao-do-Patrimonio-Arqueologico-Missao-da-equipa-de-Cambridge-1.jpg 1600w\" sizes=\"(max-width: 1024px) 100vw, 1024px\" \/><\/figure>\n\n\n\n<figure class=\"wp-block-image size-large\"><img decoding=\"async\" width=\"1024\" height=\"682\" data-id=\"7744\" src=\"https:\/\/ipc.cv\/wp-content\/uploads\/2024\/02\/Valorizacao-do-Patrimonio-Arqueologico-Missao-da-equipa-de-Cambridge-1024x682.jpg\" alt=\"\" class=\"wp-image-7744\" srcset=\"https:\/\/ipc.cv\/wp-content\/uploads\/2024\/02\/Valorizacao-do-Patrimonio-Arqueologico-Missao-da-equipa-de-Cambridge-1024x682.jpg 1024w, https:\/\/ipc.cv\/wp-content\/uploads\/2024\/02\/Valorizacao-do-Patrimonio-Arqueologico-Missao-da-equipa-de-Cambridge-300x200.jpg 300w, https:\/\/ipc.cv\/wp-content\/uploads\/2024\/02\/Valorizacao-do-Patrimonio-Arqueologico-Missao-da-equipa-de-Cambridge-768x512.jpg 768w, https:\/\/ipc.cv\/wp-content\/uploads\/2024\/02\/Valorizacao-do-Patrimonio-Arqueologico-Missao-da-equipa-de-Cambridge-1536x1023.jpg 1536w, https:\/\/ipc.cv\/wp-content\/uploads\/2024\/02\/Valorizacao-do-Patrimonio-Arqueologico-Missao-da-equipa-de-Cambridge-18x12.jpg 18w, https:\/\/ipc.cv\/wp-content\/uploads\/2024\/02\/Valorizacao-do-Patrimonio-Arqueologico-Missao-da-equipa-de-Cambridge.jpg 1600w\" sizes=\"(max-width: 1024px) 100vw, 1024px\" \/><\/figure>\n<\/figure>\n\n\n\n<p>Ao longo da miss\u00e3o que vai durar um m\u00eas, a equipa sob a <a><\/a>coordena\u00e7\u00e3o do Arqueol\u00f3go Christopher Evans, dever\u00e1 fazer uma prospe\u00e7\u00e3o na envolvente da Capela de S\u00e3o Jos\u00e9 em Tr\u00e1s-os-Montes, Tarrafal de Santiago, onde foram reportados vest\u00edgios arqueol\u00f3gicos no passado m\u00eas de setembro.<\/p>\n\n\n\n<p>Consta da agenda ainda, uma visita ao Complexo da Miseric\u00f3rdia na Cidade Velha, onde pretende-se implementar um projeto de valoriza\u00e7\u00e3o no quadro do Projeto de Requalifica\u00e7\u00e3o Urbana e Ambiental do s\u00edtio.<\/p>","protected":false},"excerpt":{"rendered":"<p>Encontra-se em Cabo Verde uma equipa de 7 especialistas, composta por Arqueol\u00f3gos, Ambientalista e Historiadores, no quadro da parceria existente entre o IPC e a Universidade de Cambridge, para dar seguimento aos trabalhos arqueol\u00f3gicos na Ba\u00eda de Alcatraz e projetar a\u00e7\u00f5es futuras, tendo em vista a conserva\u00e7\u00e3o e valoriza\u00e7\u00e3o dos achados arqueol\u00f3gicos. Ao longo da [&hellip;]<\/p>\n","protected":false},"featured_media":7743,"template":"","meta":[],"tags":[],"class_list":["post-7742","noticias","type-noticias","status-publish","has-post-thumbnail","hentry"],"_links":{"self":[{"href":"https:\/\/ipc.cv\/en\/wp-json\/wp\/v2\/noticias\/7742","targetHints":{"allow":["GET"]}}],"collection":[{"href":"https:\/\/ipc.cv\/en\/wp-json\/wp\/v2\/noticias"}],"about":[{"href":"https:\/\/ipc.cv\/en\/wp-json\/wp\/v2\/types\/noticias"}],"wp:featuredmedia":[{"embeddable":true,"href":"https:\/\/ipc.cv\/en\/wp-json\/wp\/v2\/media\/7743"}],"wp:attachment":[{"href":"https:\/\/ipc.cv\/en\/wp-json\/wp\/v2\/media?parent=7742"}],"wp:term":[{"taxonomy":"post_tag","embeddable":true,"href":"https:\/\/ipc.cv\/en\/wp-json\/wp\/v2\/tags?post=7742"}],"curies":[{"name":"wp","href":"https:\/\/api.w.org\/{rel}","templated":true}]}}