{"id":7150,"date":"2023-04-24T19:59:00","date_gmt":"2023-04-24T20:59:00","guid":{"rendered":"https:\/\/ipc.cv\/?post_type=noticias&#038;p=7150"},"modified":"2023-06-05T12:01:15","modified_gmt":"2023-06-05T13:01:15","slug":"diretor-do-patrimonio-imaterial-apresenta-comunicacao-sobre-morna-como-instrumento-de-inclusao-e-coesao-social","status":"publish","type":"noticias","link":"https:\/\/ipc.cv\/en\/noticias\/diretor-do-patrimonio-imaterial-apresenta-comunicacao-sobre-morna-como-instrumento-de-inclusao-e-coesao-social\/","title":{"rendered":"Diretor do Patrim\u00f3nio Imaterial apresenta comunica\u00e7\u00e3o sobre \u201cMorna, como Instrumento de Inclus\u00e3o e Coes\u00e3o Social\u201d"},"content":{"rendered":"<p>No \u00e2mbito da IX edi\u00e7\u00e3o do Sodad, Festival d\u00b4Morna, promovida pela C\u00e2mara Municipal do Tarrafal de S\u00e3o Nicolau, o Diretor do Patrim\u00f3nio Imaterial, Carlos Barbosa, apresentou no passado dia 21 de abril, na Vila de Praia Branca, uma comunica\u00e7\u00e3o subordinada ao tema \u201cMorna, como Instrumento de Inclus\u00e3o e Coes\u00e3o Social\u201d.<\/p>\n\n\n\n<p>Carlos Barbosa falou sobre a import\u00e2ncia do g\u00e9nero <a><\/a>musical, patrim\u00f3nio cultural imaterial da humanidade desde 2019, para a preserva\u00e7\u00e3o da nossa identidade, bem como o seu ensino como um dos elementos cruciais no processo da sua salvaguarda.<\/p>\n\n\n\n<p>Recorde-se que aquando da candidatura da Morna a PCI da humanidade, o Minist\u00e9rio da Cultura e das Ind\u00fastrias Criativas atrav\u00e9s do IPC apresentou \u00e0 UNESCO o plano de salvaguarda da Morna que devido \u00e0 situa\u00e7\u00e3o pand\u00e9mica que assolou o pa\u00eds e o mundo teve de ser adiada a sua implementa\u00e7\u00e3o para este ano.<\/p>\n\n\n\n<p>Fotografias: C\u00e2mara Municipal do Tarrafal de S\u00e3o Nicolau<\/p>","protected":false},"excerpt":{"rendered":"<p>No \u00e2mbito da IX edi\u00e7\u00e3o do Sodad, Festival d\u00b4Morna, promovida pela C\u00e2mara Municipal do Tarrafal de S\u00e3o Nicolau, o Diretor do Patrim\u00f3nio Imaterial, Carlos Barbosa, apresentou no passado dia 21 de abril, na Vila de Praia Branca, uma comunica\u00e7\u00e3o subordinada ao tema \u201cMorna, como Instrumento de Inclus\u00e3o e Coes\u00e3o Social\u201d. Carlos Barbosa falou sobre a [&hellip;]<\/p>\n","protected":false},"featured_media":7151,"template":"","meta":[],"tags":[],"class_list":["post-7150","noticias","type-noticias","status-publish","has-post-thumbnail","hentry"],"_links":{"self":[{"href":"https:\/\/ipc.cv\/en\/wp-json\/wp\/v2\/noticias\/7150","targetHints":{"allow":["GET"]}}],"collection":[{"href":"https:\/\/ipc.cv\/en\/wp-json\/wp\/v2\/noticias"}],"about":[{"href":"https:\/\/ipc.cv\/en\/wp-json\/wp\/v2\/types\/noticias"}],"wp:featuredmedia":[{"embeddable":true,"href":"https:\/\/ipc.cv\/en\/wp-json\/wp\/v2\/media\/7151"}],"wp:attachment":[{"href":"https:\/\/ipc.cv\/en\/wp-json\/wp\/v2\/media?parent=7150"}],"wp:term":[{"taxonomy":"post_tag","embeddable":true,"href":"https:\/\/ipc.cv\/en\/wp-json\/wp\/v2\/tags?post=7150"}],"curies":[{"name":"wp","href":"https:\/\/api.w.org\/{rel}","templated":true}]}}