{"id":6997,"date":"2023-02-22T12:23:00","date_gmt":"2023-02-22T13:23:00","guid":{"rendered":"https:\/\/ipc.cv\/?post_type=noticias&#038;p=6997"},"modified":"2023-03-06T12:25:18","modified_gmt":"2023-03-06T13:25:18","slug":"conselheira-regional-da-cultura-para-a-africa-ocidental-sahel-do-escritorio-da-unesco-em-dakar-visita-cidade-velha-patrimonio-mundial","status":"publish","type":"noticias","link":"https:\/\/ipc.cv\/en\/noticias\/conselheira-regional-da-cultura-para-a-africa-ocidental-sahel-do-escritorio-da-unesco-em-dakar-visita-cidade-velha-patrimonio-mundial\/","title":{"rendered":"Conselheira Regional da Cultura para a \u00c1frica Ocidental-Sahel do Escrit\u00f3rio da UNESCO em Dakar visita Cidade Velha, Patrim\u00f3nio Mundial"},"content":{"rendered":"<p>No \u00e2mbito da sua visita de quatro (4) dias a Cabo Verde, a Conselheira Regional da Cultura para a \u00c1frica Ocidental-Sahel do Escrit\u00f3rio da UNESCO em Dakar, Ad\u00e8le Nibona, visitou esta manh\u00e3 Cidade Velha, Patrim\u00f3nio Mundial.<\/p>\n\n\n\n<p>Acompanhada pela Diretora dos Museus, Ana Samira Silva Baessa, Nibona foi recebida pelo Edil da C\u00e2mara Municipal da Ribeira <a><\/a>Grande de Santiago, Nelson Moreira, e iniciou a sua visita pela Fortaleza de S\u00e3o Filipe. Monumento, que durante anos encabe\u00e7ava o sistema defensivo da cidade.<\/p>\n\n\n\n<p>\u201cVim encontrar as autoridades e ver como temos cooperado no dom\u00ednio da valoriza\u00e7\u00e3o do patrim\u00f3nio cultural, que se tem demonstrado frutuoso e de excel\u00eancia, no quadro de instrumentos da UNESCO que Cabo Verde j\u00e1 retificou\u201d, como a conven\u00e7\u00e3o do patrim\u00f3nio cultural subaqu\u00e1tico (2001), salvaguarda do patrim\u00f3nio imaterial (2003), diversidade cultural (2005), prote\u00e7\u00e3o do patrim\u00f3nio mundial cultural e natural (1972).<\/p>\n\n\n\n<p>S\u00e9, Pelourinho, Rua Banana e a Igreja de Nossa Senhora do Ros\u00e1rio tamb\u00e9m fizeram parte do roteiro.<\/p>\n\n\n\n<p>No final da visita a Conselheira Regional da Cultura para a \u00c1frica Ocidental-Sahel da UNESCO mostrou-se muito satisfeita com a din\u00e2mica que se tem criado para Cidade Velha, Patrim\u00f3nio Mundial e com perspetivas de valoriza\u00e7\u00e3o do s\u00edtio hist\u00f3rico, nomeadamente em rela\u00e7\u00e3o \u00e0 acessibilidade e a melhoria das condi\u00e7\u00f5es de vida da comunidade.<\/p>","protected":false},"excerpt":{"rendered":"<p>No \u00e2mbito da sua visita de quatro (4) dias a Cabo Verde, a Conselheira Regional da Cultura para a \u00c1frica Ocidental-Sahel do Escrit\u00f3rio da UNESCO em Dakar, Ad\u00e8le Nibona, visitou esta manh\u00e3 Cidade Velha, Patrim\u00f3nio Mundial. Acompanhada pela Diretora dos Museus, Ana Samira Silva Baessa, Nibona foi recebida pelo Edil da C\u00e2mara Municipal da Ribeira [&hellip;]<\/p>\n","protected":false},"featured_media":6998,"template":"","meta":[],"tags":[],"class_list":["post-6997","noticias","type-noticias","status-publish","has-post-thumbnail","hentry"],"_links":{"self":[{"href":"https:\/\/ipc.cv\/en\/wp-json\/wp\/v2\/noticias\/6997","targetHints":{"allow":["GET"]}}],"collection":[{"href":"https:\/\/ipc.cv\/en\/wp-json\/wp\/v2\/noticias"}],"about":[{"href":"https:\/\/ipc.cv\/en\/wp-json\/wp\/v2\/types\/noticias"}],"wp:featuredmedia":[{"embeddable":true,"href":"https:\/\/ipc.cv\/en\/wp-json\/wp\/v2\/media\/6998"}],"wp:attachment":[{"href":"https:\/\/ipc.cv\/en\/wp-json\/wp\/v2\/media?parent=6997"}],"wp:term":[{"taxonomy":"post_tag","embeddable":true,"href":"https:\/\/ipc.cv\/en\/wp-json\/wp\/v2\/tags?post=6997"}],"curies":[{"name":"wp","href":"https:\/\/api.w.org\/{rel}","templated":true}]}}