{"id":6436,"date":"2022-06-13T12:16:00","date_gmt":"2022-06-13T13:16:00","guid":{"rendered":"https:\/\/ipc.cv\/?post_type=noticias&#038;p=6436"},"modified":"2022-06-14T09:19:20","modified_gmt":"2022-06-14T10:19:20","slug":"presidente-do-ipc-acompanha-ministro-da-cultura-de-portugal-na-sua-visita-a-kaza-tabanka","status":"publish","type":"noticias","link":"https:\/\/ipc.cv\/en\/noticias\/presidente-do-ipc-acompanha-ministro-da-cultura-de-portugal-na-sua-visita-a-kaza-tabanka\/","title":{"rendered":"Presidente do IPC acompanha Ministro da Cultura de Portugal na sua visita \u00e0 Kaza Tabanka"},"content":{"rendered":"<p>O presidente do Instituto do Patrim\u00f3nio Cultural, Hamilton Jair Fernandes, acompanhou ontem a visita do Ministro da Cultura de Portugal, Pedro Ad\u00e3o e Silva, \u00e0 rec\u00e9m inaugurada Kaza Tabanka da tabanca de Achada de Santo Ant\u00f3nio.<\/p>\n\n\n\n<p>Uma visita que aconteceu no \u00e2mbito da coopera\u00e7\u00e3o entre Cabo Verde e Portugal no setor da cultura e que tem culminado na efetiva\u00e7\u00e3o de v\u00e1rios projetos, inclusive da preserva\u00e7\u00e3o do patrim\u00f3nio imaterial cabo-verdiano.<\/p>\n\n\n\n<p>O titular portugu\u00eas respons\u00e1vel pela pasta da cultura manifestou a sua admira\u00e7\u00e3o pela envolv\u00eancia da comunidade n\u00e3o s\u00f3 na salvaguarda da tabanca atrav\u00e9s da cria\u00e7\u00e3o da Kaza Tabanka, como de toda a prepara\u00e7\u00e3o antes, durante e depois tabanca.<\/p>\n\n\n\n<figure class=\"wp-block-gallery has-nested-images columns-default is-cropped wp-block-gallery-1 is-layout-flex wp-block-gallery-is-layout-flex\">\n<figure class=\"wp-block-image size-large\"><img fetchpriority=\"high\" decoding=\"async\" width=\"960\" height=\"640\" data-id=\"6438\" src=\"https:\/\/ipc.cv\/wp-content\/uploads\/2022\/06\/Presidente-do-IPC-acompanha-Ministro-d-Cultura-de-Portugal-na-sua-visita-a-Kaza-Tabanka.jpg\" alt=\"\" class=\"wp-image-6438\" srcset=\"https:\/\/ipc.cv\/wp-content\/uploads\/2022\/06\/Presidente-do-IPC-acompanha-Ministro-d-Cultura-de-Portugal-na-sua-visita-a-Kaza-Tabanka.jpg 960w, https:\/\/ipc.cv\/wp-content\/uploads\/2022\/06\/Presidente-do-IPC-acompanha-Ministro-d-Cultura-de-Portugal-na-sua-visita-a-Kaza-Tabanka-300x200.jpg 300w, https:\/\/ipc.cv\/wp-content\/uploads\/2022\/06\/Presidente-do-IPC-acompanha-Ministro-d-Cultura-de-Portugal-na-sua-visita-a-Kaza-Tabanka-768x512.jpg 768w, https:\/\/ipc.cv\/wp-content\/uploads\/2022\/06\/Presidente-do-IPC-acompanha-Ministro-d-Cultura-de-Portugal-na-sua-visita-a-Kaza-Tabanka-18x12.jpg 18w\" sizes=\"(max-width: 960px) 100vw, 960px\" \/><\/figure>\n\n\n\n<figure class=\"wp-block-image size-large\"><img decoding=\"async\" width=\"960\" height=\"640\" data-id=\"6439\" src=\"https:\/\/ipc.cv\/wp-content\/uploads\/2022\/06\/Presidente-do-IPC-acompanha-Ministro-da-Cultura-Portugal-na-sua-visita-a-Kaza-Tabanka.jpg\" alt=\"\" class=\"wp-image-6439\" srcset=\"https:\/\/ipc.cv\/wp-content\/uploads\/2022\/06\/Presidente-do-IPC-acompanha-Ministro-da-Cultura-Portugal-na-sua-visita-a-Kaza-Tabanka.jpg 960w, https:\/\/ipc.cv\/wp-content\/uploads\/2022\/06\/Presidente-do-IPC-acompanha-Ministro-da-Cultura-Portugal-na-sua-visita-a-Kaza-Tabanka-300x200.jpg 300w, https:\/\/ipc.cv\/wp-content\/uploads\/2022\/06\/Presidente-do-IPC-acompanha-Ministro-da-Cultura-Portugal-na-sua-visita-a-Kaza-Tabanka-768x512.jpg 768w, https:\/\/ipc.cv\/wp-content\/uploads\/2022\/06\/Presidente-do-IPC-acompanha-Ministro-da-Cultura-Portugal-na-sua-visita-a-Kaza-Tabanka-18x12.jpg 18w\" sizes=\"(max-width: 960px) 100vw, 960px\" \/><\/figure>\n\n\n\n<figure class=\"wp-block-image size-large\"><img decoding=\"async\" width=\"960\" height=\"640\" data-id=\"6440\" src=\"https:\/\/ipc.cv\/wp-content\/uploads\/2022\/06\/Presidente-do-IPC-acompanha-Ministro-da-Cultura-d-Portugal-na-sua-visita-a-Kaza-Tabanka.jpg\" alt=\"\" class=\"wp-image-6440\" srcset=\"https:\/\/ipc.cv\/wp-content\/uploads\/2022\/06\/Presidente-do-IPC-acompanha-Ministro-da-Cultura-d-Portugal-na-sua-visita-a-Kaza-Tabanka.jpg 960w, https:\/\/ipc.cv\/wp-content\/uploads\/2022\/06\/Presidente-do-IPC-acompanha-Ministro-da-Cultura-d-Portugal-na-sua-visita-a-Kaza-Tabanka-300x200.jpg 300w, https:\/\/ipc.cv\/wp-content\/uploads\/2022\/06\/Presidente-do-IPC-acompanha-Ministro-da-Cultura-d-Portugal-na-sua-visita-a-Kaza-Tabanka-768x512.jpg 768w, https:\/\/ipc.cv\/wp-content\/uploads\/2022\/06\/Presidente-do-IPC-acompanha-Ministro-da-Cultura-d-Portugal-na-sua-visita-a-Kaza-Tabanka-18x12.jpg 18w\" sizes=\"(max-width: 960px) 100vw, 960px\" \/><\/figure>\n<\/figure>\n\n\n\n<p>&#8220;A cultura \u00e9 tudo isso, \u00e9 tudo aquilo que nos junta, que nos une nas suas diversas manifesta\u00e7\u00f5es. E este sincratismo, esta mistura do profano e do religioso \u00e9 muito interessante e tamb\u00e9m perdura&#8221;.<\/p>\n\n\n\n<p>\u00c9 nesta senda que o Minist\u00e9rio da Cultura e das Ind\u00fastrias Criativas atrav\u00e9s do IPC, tem trabalhado na valoriza\u00e7\u00e3o e salvaguarda da tabanca, com apoios a n\u00edvel financeiro, suporte t\u00e9cnico na cria\u00e7\u00e3o de espa\u00e7os de interpreta\u00e7\u00e3o e com a prepara\u00e7\u00e3o do dossier de candidatura desta manifesta\u00e7\u00e3o cultural a patrim\u00f3nio cultural imaterial da humanidade.<\/p>\n\n\n\n<p>Nesta que foi a ultima atividade de sua agenda, Pedro Ad\u00e3o e Silva fez um balan\u00e7o muito positivo da sua visita a Cabo Verde, afirmando ter sido uma experi\u00eancia muito rica e reveladora daquilo que \u00e9 a diversidade das manifesta\u00e7\u00f5es culturais, garantindo que o Minist\u00e9rio da Cultura de Portugal est\u00e1 dispon\u00edvel para colaborar com Cabo Verde n\u00e3o s\u00f3 na salavaguarda destas manifesta\u00e7\u00f5es como preget\u00e1-las para o futuro.<\/p>","protected":false},"excerpt":{"rendered":"<p>O presidente do Instituto do Patrim\u00f3nio Cultural, Hamilton Jair Fernandes, acompanhou ontem a visita do Ministro da Cultura de Portugal, Pedro Ad\u00e3o e Silva, \u00e0 rec\u00e9m inaugurada Kaza Tabanka da tabanca de Achada de Santo Ant\u00f3nio. Uma visita que aconteceu no \u00e2mbito da coopera\u00e7\u00e3o entre Cabo Verde e Portugal no setor da cultura e que [&hellip;]<\/p>\n","protected":false},"featured_media":6437,"template":"","meta":[],"tags":[],"class_list":["post-6436","noticias","type-noticias","status-publish","has-post-thumbnail","hentry"],"_links":{"self":[{"href":"https:\/\/ipc.cv\/en\/wp-json\/wp\/v2\/noticias\/6436","targetHints":{"allow":["GET"]}}],"collection":[{"href":"https:\/\/ipc.cv\/en\/wp-json\/wp\/v2\/noticias"}],"about":[{"href":"https:\/\/ipc.cv\/en\/wp-json\/wp\/v2\/types\/noticias"}],"wp:featuredmedia":[{"embeddable":true,"href":"https:\/\/ipc.cv\/en\/wp-json\/wp\/v2\/media\/6437"}],"wp:attachment":[{"href":"https:\/\/ipc.cv\/en\/wp-json\/wp\/v2\/media?parent=6436"}],"wp:term":[{"taxonomy":"post_tag","embeddable":true,"href":"https:\/\/ipc.cv\/en\/wp-json\/wp\/v2\/tags?post=6436"}],"curies":[{"name":"wp","href":"https:\/\/api.w.org\/{rel}","templated":true}]}}