{"id":5352,"date":"2021-10-18T21:00:00","date_gmt":"2021-10-18T22:00:00","guid":{"rendered":"https:\/\/ipc.cv\/?post_type=noticias&#038;p=5352"},"modified":"2021-10-19T12:00:00","modified_gmt":"2021-10-19T13:00:00","slug":"o-principal-desafio-da-cultura-neste-momento-em-cabo-verde-e-no-mundo-e-o-financiamento-e-a-sua-reabertura-total-para-que-as-atividades-decorram-na-normalidade-mcic-abraao","status":"publish","type":"noticias","link":"https:\/\/ipc.cv\/en\/noticias\/o-principal-desafio-da-cultura-neste-momento-em-cabo-verde-e-no-mundo-e-o-financiamento-e-a-sua-reabertura-total-para-que-as-atividades-decorram-na-normalidade-mcic-abraao\/","title":{"rendered":"\u201cO principal desafio da cultura neste momento em Cabo Verde e no mundo \u00e9 o financiamento e a sua reabertura total para que as atividades decorram na normalidade\u201d \u2013 MCIC, Abra\u00e3o Vicente"},"content":{"rendered":"<p>Apesar do forte impato que a pandemia da Covid19 no setor da cultura, hoje, celebramos o Dia Nacional da Cultura e das Comunidades com um leque variado de atividades que mostram que a cultura n\u00e3o est\u00e1 confinada.\u201c<\/p>\n\n\n\n<p>Ao contr\u00e1rio do que se tem dito todas as atividades est\u00e3o abertas, com limita\u00e7\u00e3o, sim, do hor\u00e1rio de funcionamento. \u00c9 basta ver a agenda cultural cabo-verdiana para perceber que os museus est\u00e3o abertos, j\u00e1 h\u00e1 concertos, performances, teatro. A par disso, o Governo j\u00e1 anunciou o in\u00edcio de grandes eventos a partir de 30 de outubro\u201d, afirmou o Ministro da Cultura e das Ind\u00fastrias Criativas, Abra\u00e3o Vicente, durante a visita ao Museu Etnogr\u00e1fico da Praia, no \u00e2mbito do Dia Nacional da Cultura e das Comunidades.<\/p>\n\n\n\n<p>A abertura deste setor da cultura, assim como diversos setores, vem sendo feita de forma gradual. A retoma das atividades culturais, das visitas aos museus, dos concertos, tem se registado um pouco por todo o pa\u00eds, gra\u00e7as ao abrandamento do n\u00famero de casos de pessoas infetadas e tamb\u00e9m ao aceleramento da vacina\u00e7\u00e3o que est\u00e1 a chagar aos 80%.\u201c<\/p>\n\n\n\n<p>O principal desafio da cultura neste momento em Cabo Verde e no mundo \u00e9 o financiamento e a sua reabertura total para que as atividades decorram na normalidade\u201d, frisou o governante.<\/p>","protected":false},"excerpt":{"rendered":"<p>Apesar do forte impato que a pandemia da Covid19 no setor da cultura, hoje, celebramos o Dia Nacional da Cultura e das Comunidades com um leque variado de atividades que mostram que a cultura n\u00e3o est\u00e1 confinada.\u201c Ao contr\u00e1rio do que se tem dito todas as atividades est\u00e3o abertas, com limita\u00e7\u00e3o, sim, do hor\u00e1rio de [&hellip;]<\/p>\n","protected":false},"featured_media":5353,"template":"","meta":[],"tags":[],"class_list":["post-5352","noticias","type-noticias","status-publish","has-post-thumbnail","hentry"],"_links":{"self":[{"href":"https:\/\/ipc.cv\/en\/wp-json\/wp\/v2\/noticias\/5352","targetHints":{"allow":["GET"]}}],"collection":[{"href":"https:\/\/ipc.cv\/en\/wp-json\/wp\/v2\/noticias"}],"about":[{"href":"https:\/\/ipc.cv\/en\/wp-json\/wp\/v2\/types\/noticias"}],"wp:featuredmedia":[{"embeddable":true,"href":"https:\/\/ipc.cv\/en\/wp-json\/wp\/v2\/media\/5353"}],"wp:attachment":[{"href":"https:\/\/ipc.cv\/en\/wp-json\/wp\/v2\/media?parent=5352"}],"wp:term":[{"taxonomy":"post_tag","embeddable":true,"href":"https:\/\/ipc.cv\/en\/wp-json\/wp\/v2\/tags?post=5352"}],"curies":[{"name":"wp","href":"https:\/\/api.w.org\/{rel}","templated":true}]}}