{"id":2204,"date":"2020-09-10T12:09:00","date_gmt":"2020-09-10T13:09:00","guid":{"rendered":"https:\/\/ipc.innovatmedialab.com\/?post_type=noticias&amp;p=2204"},"modified":"2020-09-10T12:09:00","modified_gmt":"2020-09-10T13:09:00","slug":"projeto-olaria-tradicional","status":"publish","type":"noticias","link":"https:\/\/ipc.cv\/en\/noticias\/projeto-olaria-tradicional\/","title":{"rendered":"Projeto &#8211; Olaria tradicional"},"content":{"rendered":"<p>\u201cOlaria tradicional\u201d \u00e9 um projeto do Instituto do Patrim\u00f3nio Cultural, coordenada pela Antrop\u00f3loga Ana Samira Carvalho, t\u00e9cnica da institui\u00e7\u00e3o, que visa analisar, de forma cient\u00edfica, o papel da Olaria, enquanto Patrim\u00f3nio Cultural Imaterial (PCI) no dom\u00ednio do artesanato tradicional e, conhecer e transmitir as potencialidades socioecon\u00f3micas e culturais do patrim\u00f3nio, \u00e0 luz do desenvolvimento rural e de um turismo sustentado.<\/p>\n\n\n\n<p>In Cabo Verde and in rural communities, traditional pottery played a decisive role in the empowerment of women potters, who had the ancestral know-how of making clay crockery.<\/p>\n\n\n\n<p>Neste momento, existem no pa\u00eds tr\u00eas centros de produ\u00e7\u00e3o do artesanato tradicional: Fonte Lima no concelho de Santa Catarina, Tr\u00e1s-os-Montes em Tarrafal de Santiago e Rabil na Ilha de Boa Vista.<\/p>\n\n\n\n<p>S\u00e3o comunidades rurais, onde as principais atividades econ\u00f3micas incidem sobre a agricultura e a pecu\u00e1ria, secundarizadas pelo trabalho de barro que representa a marca dessas localidades.<\/p>\n\n\n\n<p>Enquanto patrim\u00f3nio imaterial, a olaria tradicional \u00e9 vista, no projeto, como artesanato feminino com elevado potencial para o desenvolvimento sustent\u00e1vel nos locais identificados como centros de produ\u00e7\u00e3o, pretendendo sublinhar o papel do g\u00e9nero no ciclo de produ\u00e7\u00e3o e comercializa\u00e7\u00e3o das loi\u00e7as de barro, sem descurar o seu papel e o seu impacto no contexto social, cultural e econ\u00f3mico das fam\u00edlias.<\/p>\n\n\n\n<p>Durante o processo investigativo procurou-se igualmente descrever e analisar o ciclo de produ\u00e7\u00e3o da olaria tradicional desde da fase da recolha do barro at\u00e9 a fase final (comercializa\u00e7\u00e3o), analisando e ilustrando as dimens\u00f5es etnogr\u00e1ficas da produ\u00e7\u00e3o e as dimens\u00f5es as simb\u00f3licas associadas \u00e0 mem\u00f3ria.<\/p>\n\n\n\n<p>No plano de salvaguarda, o Projecto visa a implementa\u00e7\u00e3o de estrat\u00e9gias estruturantes, nomeadamente, atrav\u00e9s da constru\u00e7\u00e3o de um \u201cCentro Interpretativo de Olaria Tradicional\u201d, edi\u00e7\u00f5es de Cat\u00e1logos e conte\u00fados em v\u00eddeos, bem como o invent\u00e1rio de base comunit\u00e1ria, ferramenta imprescind\u00edvel no levantamento do contexto de produ\u00e7\u00e3o, na avalia\u00e7\u00e3o da quest\u00e3o da transmiss\u00e3o e planos de interven\u00e7\u00f5es que garantam, no futuro, a continuidade da atividade.<\/p>\n\n\n\n<p>H\u00e1 que real\u00e7ar que o IPC contou com a parceria da C\u00e2mara Municipal de Santa Catarina, das Oleiras e da Unesco, durante os trabalhos de investiga\u00e7\u00e3o bem como para edi\u00e7\u00e3o do cat\u00e1logo que ser\u00e1 brevemente dado \u00e0 estampa.<\/p>\n\n\n\n<p>O projeto prev\u00ea ainda, sob os ausp\u00edcios da Unesco, a realiza\u00e7\u00e3o de uma oficina de capacita\u00e7\u00e3o das jovens da localidade e arredores na pr\u00e1tica do of\u00edcio e para a sua salvaguarda enquanto bem patrimonial.<\/p>","protected":false},"excerpt":{"rendered":"<p>\u201cOlaria tradicional\u201d \u00e9 um projeto do Instituto do Patrim\u00f3nio Cultural, coordenada pela Antrop\u00f3loga Ana Samira Carvalho, t\u00e9cnica da institui\u00e7\u00e3o, que visa analisar, de forma cient\u00edfica, o papel da Olaria, enquanto Patrim\u00f3nio<\/p>","protected":false},"featured_media":2205,"template":"","meta":[],"tags":[],"class_list":["post-2204","noticias","type-noticias","status-publish","has-post-thumbnail","hentry"],"_links":{"self":[{"href":"https:\/\/ipc.cv\/en\/wp-json\/wp\/v2\/noticias\/2204","targetHints":{"allow":["GET"]}}],"collection":[{"href":"https:\/\/ipc.cv\/en\/wp-json\/wp\/v2\/noticias"}],"about":[{"href":"https:\/\/ipc.cv\/en\/wp-json\/wp\/v2\/types\/noticias"}],"wp:featuredmedia":[{"embeddable":true,"href":"https:\/\/ipc.cv\/en\/wp-json\/wp\/v2\/media\/2205"}],"wp:attachment":[{"href":"https:\/\/ipc.cv\/en\/wp-json\/wp\/v2\/media?parent=2204"}],"wp:term":[{"taxonomy":"post_tag","embeddable":true,"href":"https:\/\/ipc.cv\/en\/wp-json\/wp\/v2\/tags?post=2204"}],"curies":[{"name":"wp","href":"https:\/\/api.w.org\/{rel}","templated":true}]}}