{"id":17981,"date":"2025-11-19T10:22:00","date_gmt":"2025-11-19T11:22:00","guid":{"rendered":"https:\/\/ipc.cv\/?post_type=noticias&#038;p=17981"},"modified":"2025-12-10T14:28:37","modified_gmt":"2025-12-10T15:28:37","slug":"sessao-de-trabalho-com-especialistas-do-ipc-reforca-a-estruturacao-metodologica-e-patrimonial-da-candidatura-do-museu-da-resistencia-do-tarrafal","status":"publish","type":"noticias","link":"https:\/\/ipc.cv\/en\/noticias\/sessao-de-trabalho-com-especialistas-do-ipc-reforca-a-estruturacao-metodologica-e-patrimonial-da-candidatura-do-museu-da-resistencia-do-tarrafal\/","title":{"rendered":"Sess\u00e3o de Trabalho com Especialistas do IPC Refor\u00e7a a Estrutura\u00e7\u00e3o Metodol\u00f3gica e Patrimonial da Candidatura do Museu da Resist\u00eancia do Tarrafal"},"content":{"rendered":"<p><\/p>\n\n\n\n<p>A <a><\/a>equipa t\u00e9cnica do IPC, respons\u00e1vel pelo desenvolvimento do dossier de candidatura do Museu da Resist\u00eancia do Tarrafal-Campo de Concentra\u00e7\u00e3o do Tarrafal \u00e0 Lista do Patrim\u00f3nio Mundial, reuniu-se durante dois dias para aprofundar a consolida\u00e7\u00e3o dos elementos nucleares do expediente, em conformidade com as Diretrizes Operacionais para a Implementa\u00e7\u00e3o da Conven\u00e7\u00e3o do Patrim\u00f3nio Mundial.<\/p>\n\n\n\n<p>Os trabalhos incidiram sobre a contextualiza\u00e7\u00e3o e delimita\u00e7\u00e3o do bem, incluindo a an\u00e1lise multidimensional do seu enquadramento territorial, hist\u00f3rico e funcional, bem como a defini\u00e7\u00e3o rigorosa dos limites e da zona tamp\u00e3o. Neste \u00e2mbito, foram reavaliadas as \u00e1reas de uso agr\u00edcola e as estruturas urbanas envolventes, tendo em vista assegurar a coer\u00eancia espacial e funcional do s\u00edtio enquanto conjunto patrimonial dotado de autenticidade, integridade e legibilidade hist\u00f3rica.<\/p>\n\n\n\n<figure class=\"wp-block-gallery has-nested-images columns-default is-cropped wp-block-gallery-1 is-layout-flex wp-block-gallery-is-layout-flex\">\n<figure class=\"wp-block-image size-large\"><img fetchpriority=\"high\" decoding=\"async\" width=\"1024\" height=\"683\" data-id=\"17984\" src=\"https:\/\/ipc.cv\/wp-content\/uploads\/2025\/12\/580920043_1303555498478884_3268435102665585571_n-1024x683.jpg\" alt=\"\" class=\"wp-image-17984\" srcset=\"https:\/\/ipc.cv\/wp-content\/uploads\/2025\/12\/580920043_1303555498478884_3268435102665585571_n-1024x683.jpg 1024w, https:\/\/ipc.cv\/wp-content\/uploads\/2025\/12\/580920043_1303555498478884_3268435102665585571_n-300x200.jpg 300w, https:\/\/ipc.cv\/wp-content\/uploads\/2025\/12\/580920043_1303555498478884_3268435102665585571_n-768x512.jpg 768w, https:\/\/ipc.cv\/wp-content\/uploads\/2025\/12\/580920043_1303555498478884_3268435102665585571_n-1536x1024.jpg 1536w, https:\/\/ipc.cv\/wp-content\/uploads\/2025\/12\/580920043_1303555498478884_3268435102665585571_n-18x12.jpg 18w, https:\/\/ipc.cv\/wp-content\/uploads\/2025\/12\/580920043_1303555498478884_3268435102665585571_n.jpg 1600w\" sizes=\"(max-width: 1024px) 100vw, 1024px\" \/><\/figure>\n\n\n\n<figure class=\"wp-block-image size-large\"><img decoding=\"async\" width=\"1024\" height=\"768\" data-id=\"17983\" src=\"https:\/\/ipc.cv\/wp-content\/uploads\/2025\/12\/584546287_1303555295145571_7656496362393624691_n-1024x768.jpg\" alt=\"\" class=\"wp-image-17983\" srcset=\"https:\/\/ipc.cv\/wp-content\/uploads\/2025\/12\/584546287_1303555295145571_7656496362393624691_n-1024x768.jpg 1024w, https:\/\/ipc.cv\/wp-content\/uploads\/2025\/12\/584546287_1303555295145571_7656496362393624691_n-300x225.jpg 300w, https:\/\/ipc.cv\/wp-content\/uploads\/2025\/12\/584546287_1303555295145571_7656496362393624691_n-768x576.jpg 768w, https:\/\/ipc.cv\/wp-content\/uploads\/2025\/12\/584546287_1303555295145571_7656496362393624691_n-1536x1152.jpg 1536w, https:\/\/ipc.cv\/wp-content\/uploads\/2025\/12\/584546287_1303555295145571_7656496362393624691_n-16x12.jpg 16w, https:\/\/ipc.cv\/wp-content\/uploads\/2025\/12\/584546287_1303555295145571_7656496362393624691_n.jpg 1600w\" sizes=\"(max-width: 1024px) 100vw, 1024px\" \/><\/figure>\n\n\n\n<figure class=\"wp-block-image size-large\"><img decoding=\"async\" width=\"1024\" height=\"768\" data-id=\"17985\" src=\"https:\/\/ipc.cv\/wp-content\/uploads\/2025\/12\/584715701_1303555138478920_5209338517832685492_n-1024x768.jpg\" alt=\"\" class=\"wp-image-17985\" srcset=\"https:\/\/ipc.cv\/wp-content\/uploads\/2025\/12\/584715701_1303555138478920_5209338517832685492_n-1024x768.jpg 1024w, https:\/\/ipc.cv\/wp-content\/uploads\/2025\/12\/584715701_1303555138478920_5209338517832685492_n-300x225.jpg 300w, https:\/\/ipc.cv\/wp-content\/uploads\/2025\/12\/584715701_1303555138478920_5209338517832685492_n-768x576.jpg 768w, https:\/\/ipc.cv\/wp-content\/uploads\/2025\/12\/584715701_1303555138478920_5209338517832685492_n-16x12.jpg 16w, https:\/\/ipc.cv\/wp-content\/uploads\/2025\/12\/584715701_1303555138478920_5209338517832685492_n.jpg 1280w\" sizes=\"(max-width: 1024px) 100vw, 1024px\" \/><\/figure>\n<\/figure>\n\n\n\n<p>No dom\u00ednio conceptual, a sess\u00e3o foi dedicada ao aprofundamento da Proposta de Valor Universal Excecional (VUE), com foco na identifica\u00e7\u00e3o, caracteriza\u00e7\u00e3o e hierarquiza\u00e7\u00e3o dos atributos materiais e imateriais que corporizam o significado global do antigo campo de concentra\u00e7\u00e3o. A an\u00e1lise abordou igualmente os fatores que afetam o bem, incluindo vulnerabilidades f\u00edsico-estruturais, press\u00f5es ambientais, din\u00e2micas antr\u00f3picas contempor\u00e2neas e potenciais amea\u00e7as \u00e0 salvaguarda dos processos memoriais associados. Estas avalia\u00e7\u00f5es foram sustentadas pelo levantamento arquitet\u00f3nico e pelo diagn\u00f3stico do estado de conserva\u00e7\u00e3o j\u00e1 conclu\u00eddos, permitindo enquadrar estrat\u00e9gias de mitiga\u00e7\u00e3o, cen\u00e1rios de risco e medidas de gest\u00e3o preventiva em alinhamento com os par\u00e2metros exigidos para bens de mem\u00f3ria e lugares de consci\u00eancia reconhecidos internacionalmente.<\/p>\n\n\n\n<p>O encontro incidiu ainda sobre a revis\u00e3o integrada dos componentes do Plano Museol\u00f3gico e do Plano de Gest\u00e3o, com \u00eanfase na conceptualiza\u00e7\u00e3o museogr\u00e1fica, na defini\u00e7\u00e3o das linhas de investiga\u00e7\u00e3o, nas orienta\u00e7\u00f5es de arquitetura paisag\u00edstica e na elabora\u00e7\u00e3o das narrativas interpretativas que ir\u00e3o estruturar a media\u00e7\u00e3o cultural e hist\u00f3rica do s\u00edtio. O grupo t\u00e9cnico trabalhou na harmoniza\u00e7\u00e3o dos mecanismos de governan\u00e7a, na estrutura\u00e7\u00e3o do sistema de gest\u00e3o de riscos e na defini\u00e7\u00e3o dos instrumentos de monitoriza\u00e7\u00e3o cont\u00ednua, garantindo a conformidade com os requisitos de conserva\u00e7\u00e3o a longo prazo estipulados pela UNESCO.<\/p>\n\n\n\n<p>Esta abordagem integrada visa assegurar n\u00e3o apenas a robustez cient\u00edfica do dossier, mas tamb\u00e9m a sua capacidade de demonstrar, de forma clara e fundamentada, a relev\u00e2ncia universal do Campo de Concentra\u00e7\u00e3o do Tarrafal enquanto testemunho excecional de regimes de repress\u00e3o e de din\u00e2micas de resist\u00eancia no s\u00e9culo XX.<\/p>\n\n\n\n<figure class=\"wp-block-gallery has-nested-images columns-default is-cropped wp-block-gallery-2 is-layout-flex wp-block-gallery-is-layout-flex\">\n<figure class=\"wp-block-image size-large\"><img loading=\"lazy\" decoding=\"async\" width=\"1024\" height=\"683\" data-id=\"17987\" src=\"https:\/\/ipc.cv\/wp-content\/uploads\/2025\/12\/585552222_1303555868478847_7953877099959493424_n-1024x683.jpg\" alt=\"\" class=\"wp-image-17987\" srcset=\"https:\/\/ipc.cv\/wp-content\/uploads\/2025\/12\/585552222_1303555868478847_7953877099959493424_n-1024x683.jpg 1024w, https:\/\/ipc.cv\/wp-content\/uploads\/2025\/12\/585552222_1303555868478847_7953877099959493424_n-300x200.jpg 300w, https:\/\/ipc.cv\/wp-content\/uploads\/2025\/12\/585552222_1303555868478847_7953877099959493424_n-768x512.jpg 768w, https:\/\/ipc.cv\/wp-content\/uploads\/2025\/12\/585552222_1303555868478847_7953877099959493424_n-1536x1024.jpg 1536w, https:\/\/ipc.cv\/wp-content\/uploads\/2025\/12\/585552222_1303555868478847_7953877099959493424_n-18x12.jpg 18w, https:\/\/ipc.cv\/wp-content\/uploads\/2025\/12\/585552222_1303555868478847_7953877099959493424_n.jpg 1600w\" sizes=\"(max-width: 1024px) 100vw, 1024px\" \/><\/figure>\n\n\n\n<figure class=\"wp-block-image size-large\"><img loading=\"lazy\" decoding=\"async\" width=\"1024\" height=\"682\" data-id=\"17988\" src=\"https:\/\/ipc.cv\/wp-content\/uploads\/2025\/12\/586086340_1303555745145526_2737640226309335781_n-1024x682.jpg\" alt=\"\" class=\"wp-image-17988\" srcset=\"https:\/\/ipc.cv\/wp-content\/uploads\/2025\/12\/586086340_1303555745145526_2737640226309335781_n-1024x682.jpg 1024w, https:\/\/ipc.cv\/wp-content\/uploads\/2025\/12\/586086340_1303555745145526_2737640226309335781_n-300x200.jpg 300w, https:\/\/ipc.cv\/wp-content\/uploads\/2025\/12\/586086340_1303555745145526_2737640226309335781_n-768x512.jpg 768w, https:\/\/ipc.cv\/wp-content\/uploads\/2025\/12\/586086340_1303555745145526_2737640226309335781_n-1536x1023.jpg 1536w, https:\/\/ipc.cv\/wp-content\/uploads\/2025\/12\/586086340_1303555745145526_2737640226309335781_n-18x12.jpg 18w, https:\/\/ipc.cv\/wp-content\/uploads\/2025\/12\/586086340_1303555745145526_2737640226309335781_n.jpg 1600w\" sizes=\"(max-width: 1024px) 100vw, 1024px\" \/><\/figure>\n\n\n\n<figure class=\"wp-block-image size-large\"><img loading=\"lazy\" decoding=\"async\" width=\"1024\" height=\"768\" data-id=\"17986\" src=\"https:\/\/ipc.cv\/wp-content\/uploads\/2025\/12\/585050031_1303555258478908_1534216934253903157_n-1024x768.jpg\" alt=\"\" class=\"wp-image-17986\" srcset=\"https:\/\/ipc.cv\/wp-content\/uploads\/2025\/12\/585050031_1303555258478908_1534216934253903157_n-1024x768.jpg 1024w, https:\/\/ipc.cv\/wp-content\/uploads\/2025\/12\/585050031_1303555258478908_1534216934253903157_n-300x225.jpg 300w, https:\/\/ipc.cv\/wp-content\/uploads\/2025\/12\/585050031_1303555258478908_1534216934253903157_n-768x576.jpg 768w, https:\/\/ipc.cv\/wp-content\/uploads\/2025\/12\/585050031_1303555258478908_1534216934253903157_n-1536x1152.jpg 1536w, https:\/\/ipc.cv\/wp-content\/uploads\/2025\/12\/585050031_1303555258478908_1534216934253903157_n-16x12.jpg 16w, https:\/\/ipc.cv\/wp-content\/uploads\/2025\/12\/585050031_1303555258478908_1534216934253903157_n.jpg 1600w\" sizes=\"(max-width: 1024px) 100vw, 1024px\" \/><\/figure>\n<\/figure>\n\n\n\n<p><\/p>","protected":false},"excerpt":{"rendered":"<p>A equipa t\u00e9cnica do IPC, respons\u00e1vel pelo desenvolvimento do dossier de candidatura do Museu da Resist\u00eancia do Tarrafal-Campo de Concentra\u00e7\u00e3o do Tarrafal \u00e0 Lista do Patrim\u00f3nio Mundial, reuniu-se durante dois dias para aprofundar a consolida\u00e7\u00e3o dos elementos nucleares do expediente, em conformidade com as Diretrizes Operacionais para a Implementa\u00e7\u00e3o da Conven\u00e7\u00e3o do Patrim\u00f3nio Mundial. Os [&hellip;]<\/p>\n","protected":false},"featured_media":17982,"template":"","meta":[],"tags":[],"class_list":["post-17981","noticias","type-noticias","status-publish","has-post-thumbnail","hentry"],"_links":{"self":[{"href":"https:\/\/ipc.cv\/en\/wp-json\/wp\/v2\/noticias\/17981","targetHints":{"allow":["GET"]}}],"collection":[{"href":"https:\/\/ipc.cv\/en\/wp-json\/wp\/v2\/noticias"}],"about":[{"href":"https:\/\/ipc.cv\/en\/wp-json\/wp\/v2\/types\/noticias"}],"wp:featuredmedia":[{"embeddable":true,"href":"https:\/\/ipc.cv\/en\/wp-json\/wp\/v2\/media\/17982"}],"wp:attachment":[{"href":"https:\/\/ipc.cv\/en\/wp-json\/wp\/v2\/media?parent=17981"}],"wp:term":[{"taxonomy":"post_tag","embeddable":true,"href":"https:\/\/ipc.cv\/en\/wp-json\/wp\/v2\/tags?post=17981"}],"curies":[{"name":"wp","href":"https:\/\/api.w.org\/{rel}","templated":true}]}}