{"id":17933,"date":"2025-09-10T15:57:53","date_gmt":"2025-09-10T16:57:53","guid":{"rendered":"https:\/\/ipc.cv\/?post_type=noticias&#038;p=17933"},"modified":"2025-09-22T16:00:19","modified_gmt":"2025-09-22T17:00:19","slug":"equipa-do-ipc-no-terreno-em-sao-vicente-para-avaliacao-de-danos-no-patrimonio-cultural","status":"publish","type":"noticias","link":"https:\/\/ipc.cv\/en\/noticias\/equipa-do-ipc-no-terreno-em-sao-vicente-para-avaliacao-de-danos-no-patrimonio-cultural\/","title":{"rendered":"Equipa do IPC no terreno em S\u00e3o Vicente para avalia\u00e7\u00e3o de danos no patrim\u00f3nio cultural"},"content":{"rendered":"<p><a><\/a>Na sequ\u00eancia da passagem da Tempestade Tropical Erin, a mais devastadora registada em Cabo Verde nas \u00faltimas d\u00e9cadas, uma equipa multidisciplinar do Instituto do Patrim\u00f3nio Cultural encontra-se em miss\u00e3o t\u00e9cnica na ilha de S\u00e3o Vicente, nos dias 09 e 10 de setembro. O objetivo central \u00e9 proceder \u00e0 caracteriza\u00e7\u00e3o rigorosa dos danos sofridos por infraestruturas museol\u00f3gicas e culturais, bem como avaliar os riscos associados \u00e0 conserva\u00e7\u00e3o do patrim\u00f3nio edificado e m\u00f3vel.<\/p>\n\n\n\n<p>A equipa \u00e9 composta pela Diretora da Dire\u00e7\u00e3o dos Museus, um Arquiteto, um Arque\u00f3logo e um Gestor de Patrim\u00f3nio, assegurando uma abordagem integrada e transversal ao processo de diagn\u00f3stico. Entre os espa\u00e7os a analisar encontram-se o N\u00facleo Museol\u00f3gico Ces\u00e1ria \u00c9vora e o Museu do Mar, ambos com preju\u00edzos estruturais e funcionais significativos, que comprometem a salvaguarda do acervo e a continuidade dos servi\u00e7os culturais prestados \u00e0 comunidade.<\/p>\n\n\n\n<figure class=\"wp-block-gallery has-nested-images columns-default is-cropped wp-block-gallery-1 is-layout-flex wp-block-gallery-is-layout-flex\">\n<figure class=\"wp-block-image size-large\"><img fetchpriority=\"high\" decoding=\"async\" width=\"1024\" height=\"770\" data-id=\"17936\" src=\"https:\/\/ipc.cv\/wp-content\/uploads\/2025\/09\/546445059_1240214194813015_2999222370073113243_n-1024x770.jpg\" alt=\"\" class=\"wp-image-17936\" srcset=\"https:\/\/ipc.cv\/wp-content\/uploads\/2025\/09\/546445059_1240214194813015_2999222370073113243_n-1024x770.jpg 1024w, https:\/\/ipc.cv\/wp-content\/uploads\/2025\/09\/546445059_1240214194813015_2999222370073113243_n-300x226.jpg 300w, https:\/\/ipc.cv\/wp-content\/uploads\/2025\/09\/546445059_1240214194813015_2999222370073113243_n-768x578.jpg 768w, https:\/\/ipc.cv\/wp-content\/uploads\/2025\/09\/546445059_1240214194813015_2999222370073113243_n-16x12.jpg 16w, https:\/\/ipc.cv\/wp-content\/uploads\/2025\/09\/546445059_1240214194813015_2999222370073113243_n.jpg 1280w\" sizes=\"(max-width: 1024px) 100vw, 1024px\" \/><\/figure>\n\n\n\n<figure class=\"wp-block-image size-large\"><img decoding=\"async\" width=\"768\" height=\"1024\" data-id=\"17935\" src=\"https:\/\/ipc.cv\/wp-content\/uploads\/2025\/09\/547220864_1240214168146351_4952937941687115429_n-768x1024.jpg\" alt=\"\" class=\"wp-image-17935\" srcset=\"https:\/\/ipc.cv\/wp-content\/uploads\/2025\/09\/547220864_1240214168146351_4952937941687115429_n-768x1024.jpg 768w, https:\/\/ipc.cv\/wp-content\/uploads\/2025\/09\/547220864_1240214168146351_4952937941687115429_n-225x300.jpg 225w, https:\/\/ipc.cv\/wp-content\/uploads\/2025\/09\/547220864_1240214168146351_4952937941687115429_n-9x12.jpg 9w, https:\/\/ipc.cv\/wp-content\/uploads\/2025\/09\/547220864_1240214168146351_4952937941687115429_n.jpg 960w\" sizes=\"(max-width: 768px) 100vw, 768px\" \/><\/figure>\n\n\n\n<figure class=\"wp-block-image size-large\"><img decoding=\"async\" width=\"1024\" height=\"768\" data-id=\"17937\" src=\"https:\/\/ipc.cv\/wp-content\/uploads\/2025\/09\/546226231_1240214068146361_987033188248335234_n-1024x768.jpg\" alt=\"\" class=\"wp-image-17937\" srcset=\"https:\/\/ipc.cv\/wp-content\/uploads\/2025\/09\/546226231_1240214068146361_987033188248335234_n-1024x768.jpg 1024w, https:\/\/ipc.cv\/wp-content\/uploads\/2025\/09\/546226231_1240214068146361_987033188248335234_n-300x225.jpg 300w, https:\/\/ipc.cv\/wp-content\/uploads\/2025\/09\/546226231_1240214068146361_987033188248335234_n-768x576.jpg 768w, https:\/\/ipc.cv\/wp-content\/uploads\/2025\/09\/546226231_1240214068146361_987033188248335234_n-16x12.jpg 16w, https:\/\/ipc.cv\/wp-content\/uploads\/2025\/09\/546226231_1240214068146361_987033188248335234_n.jpg 1280w\" sizes=\"(max-width: 1024px) 100vw, 1024px\" \/><\/figure>\n<\/figure>\n\n\n\n<p>Para al\u00e9m das estruturas museol\u00f3gicas, a miss\u00e3o contempla igualmente a avalia\u00e7\u00e3o das condi\u00e7\u00f5es do centro hist\u00f3rico do Mindelo, classificado como Patrim\u00f3nio Nacional, com vista \u00e0 elabora\u00e7\u00e3o de um relat\u00f3rio t\u00e9cnico a ser submetido \u00e0 UNESCO. Este documento constituir\u00e1 um instrumento fundamental para fundamentar pedidos de coopera\u00e7\u00e3o internacional e para orientar interven\u00e7\u00f5es futuras, assegurando a mitiga\u00e7\u00e3o dos impactos desta cat\u00e1strofe e a recupera\u00e7\u00e3o sustent\u00e1vel do patrim\u00f3nio cultural.<\/p>\n\n\n\n<figure class=\"wp-block-gallery has-nested-images columns-default is-cropped wp-block-gallery-2 is-layout-flex wp-block-gallery-is-layout-flex\">\n<figure class=\"wp-block-image size-large\"><img loading=\"lazy\" decoding=\"async\" width=\"770\" height=\"1024\" data-id=\"17938\" src=\"https:\/\/ipc.cv\/wp-content\/uploads\/2025\/09\/546394486_1240214108146357_7003715374560546325_n-770x1024.jpg\" alt=\"\" class=\"wp-image-17938\" srcset=\"https:\/\/ipc.cv\/wp-content\/uploads\/2025\/09\/546394486_1240214108146357_7003715374560546325_n-770x1024.jpg 770w, https:\/\/ipc.cv\/wp-content\/uploads\/2025\/09\/546394486_1240214108146357_7003715374560546325_n-226x300.jpg 226w, https:\/\/ipc.cv\/wp-content\/uploads\/2025\/09\/546394486_1240214108146357_7003715374560546325_n-768x1021.jpg 768w, https:\/\/ipc.cv\/wp-content\/uploads\/2025\/09\/546394486_1240214108146357_7003715374560546325_n-9x12.jpg 9w, https:\/\/ipc.cv\/wp-content\/uploads\/2025\/09\/546394486_1240214108146357_7003715374560546325_n.jpg 963w\" sizes=\"(max-width: 770px) 100vw, 770px\" \/><\/figure>\n\n\n\n<figure class=\"wp-block-image size-large\"><img loading=\"lazy\" decoding=\"async\" width=\"1024\" height=\"770\" data-id=\"17939\" src=\"https:\/\/ipc.cv\/wp-content\/uploads\/2025\/09\/545910900_1240214064813028_1496484791559790783_n-1024x770.jpg\" alt=\"\" class=\"wp-image-17939\" srcset=\"https:\/\/ipc.cv\/wp-content\/uploads\/2025\/09\/545910900_1240214064813028_1496484791559790783_n-1024x770.jpg 1024w, https:\/\/ipc.cv\/wp-content\/uploads\/2025\/09\/545910900_1240214064813028_1496484791559790783_n-300x226.jpg 300w, https:\/\/ipc.cv\/wp-content\/uploads\/2025\/09\/545910900_1240214064813028_1496484791559790783_n-768x578.jpg 768w, https:\/\/ipc.cv\/wp-content\/uploads\/2025\/09\/545910900_1240214064813028_1496484791559790783_n-16x12.jpg 16w, https:\/\/ipc.cv\/wp-content\/uploads\/2025\/09\/545910900_1240214064813028_1496484791559790783_n.jpg 1280w\" sizes=\"(max-width: 1024px) 100vw, 1024px\" \/><\/figure>\n\n\n\n<figure class=\"wp-block-image size-large\"><img loading=\"lazy\" decoding=\"async\" width=\"1024\" height=\"770\" data-id=\"17941\" src=\"https:\/\/ipc.cv\/wp-content\/uploads\/2025\/09\/544969421_1240213994813035_6019126591723500182_n-1024x770.jpg\" alt=\"\" class=\"wp-image-17941\" srcset=\"https:\/\/ipc.cv\/wp-content\/uploads\/2025\/09\/544969421_1240213994813035_6019126591723500182_n-1024x770.jpg 1024w, https:\/\/ipc.cv\/wp-content\/uploads\/2025\/09\/544969421_1240213994813035_6019126591723500182_n-300x226.jpg 300w, https:\/\/ipc.cv\/wp-content\/uploads\/2025\/09\/544969421_1240213994813035_6019126591723500182_n-768x578.jpg 768w, https:\/\/ipc.cv\/wp-content\/uploads\/2025\/09\/544969421_1240213994813035_6019126591723500182_n-16x12.jpg 16w, https:\/\/ipc.cv\/wp-content\/uploads\/2025\/09\/544969421_1240213994813035_6019126591723500182_n.jpg 1280w\" sizes=\"(max-width: 1024px) 100vw, 1024px\" \/><\/figure>\n\n\n\n<figure class=\"wp-block-image size-large\"><img loading=\"lazy\" decoding=\"async\" width=\"1024\" height=\"770\" data-id=\"17940\" src=\"https:\/\/ipc.cv\/wp-content\/uploads\/2025\/09\/545747989_1240213991479702_4496255985295395617_n-1024x770.jpg\" alt=\"\" class=\"wp-image-17940\" srcset=\"https:\/\/ipc.cv\/wp-content\/uploads\/2025\/09\/545747989_1240213991479702_4496255985295395617_n-1024x770.jpg 1024w, https:\/\/ipc.cv\/wp-content\/uploads\/2025\/09\/545747989_1240213991479702_4496255985295395617_n-300x226.jpg 300w, https:\/\/ipc.cv\/wp-content\/uploads\/2025\/09\/545747989_1240213991479702_4496255985295395617_n-768x578.jpg 768w, https:\/\/ipc.cv\/wp-content\/uploads\/2025\/09\/545747989_1240213991479702_4496255985295395617_n-16x12.jpg 16w, https:\/\/ipc.cv\/wp-content\/uploads\/2025\/09\/545747989_1240213991479702_4496255985295395617_n.jpg 1280w\" sizes=\"(max-width: 1024px) 100vw, 1024px\" \/><\/figure>\n<\/figure>","protected":false},"excerpt":{"rendered":"<p>Na sequ\u00eancia da passagem da Tempestade Tropical Erin, a mais devastadora registada em Cabo Verde nas \u00faltimas d\u00e9cadas, uma equipa multidisciplinar do Instituto do Patrim\u00f3nio Cultural encontra-se em miss\u00e3o t\u00e9cnica na ilha de S\u00e3o Vicente, nos dias 09 e 10 de setembro. O objetivo central \u00e9 proceder \u00e0 caracteriza\u00e7\u00e3o rigorosa dos danos sofridos por infraestruturas [&hellip;]<\/p>\n","protected":false},"featured_media":17934,"template":"","meta":[],"tags":[],"class_list":["post-17933","noticias","type-noticias","status-publish","has-post-thumbnail","hentry"],"_links":{"self":[{"href":"https:\/\/ipc.cv\/en\/wp-json\/wp\/v2\/noticias\/17933","targetHints":{"allow":["GET"]}}],"collection":[{"href":"https:\/\/ipc.cv\/en\/wp-json\/wp\/v2\/noticias"}],"about":[{"href":"https:\/\/ipc.cv\/en\/wp-json\/wp\/v2\/types\/noticias"}],"wp:featuredmedia":[{"embeddable":true,"href":"https:\/\/ipc.cv\/en\/wp-json\/wp\/v2\/media\/17934"}],"wp:attachment":[{"href":"https:\/\/ipc.cv\/en\/wp-json\/wp\/v2\/media?parent=17933"}],"wp:term":[{"taxonomy":"post_tag","embeddable":true,"href":"https:\/\/ipc.cv\/en\/wp-json\/wp\/v2\/tags?post=17933"}],"curies":[{"name":"wp","href":"https:\/\/api.w.org\/{rel}","templated":true}]}}