{"id":17840,"date":"2025-09-14T15:19:39","date_gmt":"2025-09-14T16:19:39","guid":{"rendered":"https:\/\/ipc.cv\/?post_type=noticias&#038;p=17840"},"modified":"2025-09-22T15:21:06","modified_gmt":"2025-09-22T16:21:06","slug":"obras-do-museu-norberto-tavares-e-da-casa-do-morgado-avancam-em-santa-catarina-com-visitas-tecnicas-de-acompanhamento","status":"publish","type":"noticias","link":"https:\/\/ipc.cv\/en\/noticias\/obras-do-museu-norberto-tavares-e-da-casa-do-morgado-avancam-em-santa-catarina-com-visitas-tecnicas-de-acompanhamento\/","title":{"rendered":"Obras do Museu Norberto Tavares e da Casa do Morgado avan\u00e7am em Santa Catarina com visitas t\u00e9cnicas de acompanhamento."},"content":{"rendered":"<p><a><\/a>As obras de reabilita\u00e7\u00e3o do Museu Norberto Tavares e da Casa do Morgado &#8211; Telhal, em Santa Catarina, Ilha de Santiago, encontram-se na fase final de execu\u00e7\u00e3o. No Museu Norberto Tavares, est\u00e3o em curso trabalhos fundamentais, como a confe\u00e7\u00e3o e montagem de expositores, a instala\u00e7\u00e3o do palco no p\u00e1tio exterior, a coloca\u00e7\u00e3o do novo piso, bem como os acabamentos na pintura e a finaliza\u00e7\u00e3o das instala\u00e7\u00f5es el\u00e9tricas e sanit\u00e1rias.<\/p>\n\n\n\n<p>Paralelamente, a reabilita\u00e7\u00e3o da Casa do Morgado nos Engenhos tem avan\u00e7ado com especial enfoque na recupera\u00e7\u00e3o estrutural do edif\u00edcio e na sua adapta\u00e7\u00e3o para futuros usos culturais e tur\u00edsiticos. Este trabalho visa valorizar um importante patrim\u00f3nio hist\u00f3rico, refor\u00e7ando o seu papel na din\u00e2mica cultural do munic\u00edpio de Santa Catarina.<\/p>\n\n\n\n<figure class=\"wp-block-gallery has-nested-images columns-default is-cropped wp-block-gallery-1 is-layout-flex wp-block-gallery-is-layout-flex\">\n<figure class=\"wp-block-image size-large\"><img fetchpriority=\"high\" decoding=\"async\" width=\"1024\" height=\"768\" data-id=\"17842\" src=\"https:\/\/ipc.cv\/wp-content\/uploads\/2025\/09\/514285511_1199711842196584_2953701605421679978_n-1024x768.jpg\" alt=\"\" class=\"wp-image-17842\" srcset=\"https:\/\/ipc.cv\/wp-content\/uploads\/2025\/09\/514285511_1199711842196584_2953701605421679978_n-1024x768.jpg 1024w, https:\/\/ipc.cv\/wp-content\/uploads\/2025\/09\/514285511_1199711842196584_2953701605421679978_n-300x225.jpg 300w, https:\/\/ipc.cv\/wp-content\/uploads\/2025\/09\/514285511_1199711842196584_2953701605421679978_n-768x576.jpg 768w, https:\/\/ipc.cv\/wp-content\/uploads\/2025\/09\/514285511_1199711842196584_2953701605421679978_n-16x12.jpg 16w, https:\/\/ipc.cv\/wp-content\/uploads\/2025\/09\/514285511_1199711842196584_2953701605421679978_n.jpg 1280w\" sizes=\"(max-width: 1024px) 100vw, 1024px\" \/><\/figure>\n\n\n\n<figure class=\"wp-block-image size-large\"><img decoding=\"async\" width=\"1024\" height=\"768\" data-id=\"17841\" src=\"https:\/\/ipc.cv\/wp-content\/uploads\/2025\/09\/514355125_1199711675529934_7397729223486788447_n-1024x768.jpg\" alt=\"\" class=\"wp-image-17841\" srcset=\"https:\/\/ipc.cv\/wp-content\/uploads\/2025\/09\/514355125_1199711675529934_7397729223486788447_n-1024x768.jpg 1024w, https:\/\/ipc.cv\/wp-content\/uploads\/2025\/09\/514355125_1199711675529934_7397729223486788447_n-300x225.jpg 300w, https:\/\/ipc.cv\/wp-content\/uploads\/2025\/09\/514355125_1199711675529934_7397729223486788447_n-768x576.jpg 768w, https:\/\/ipc.cv\/wp-content\/uploads\/2025\/09\/514355125_1199711675529934_7397729223486788447_n-16x12.jpg 16w, https:\/\/ipc.cv\/wp-content\/uploads\/2025\/09\/514355125_1199711675529934_7397729223486788447_n.jpg 1280w\" sizes=\"(max-width: 1024px) 100vw, 1024px\" \/><\/figure>\n\n\n\n<figure class=\"wp-block-image size-large\"><img decoding=\"async\" width=\"1024\" height=\"768\" data-id=\"17843\" src=\"https:\/\/ipc.cv\/wp-content\/uploads\/2025\/09\/514272575_1199712088863226_5606079208087580931_n-1024x768.jpg\" alt=\"\" class=\"wp-image-17843\" srcset=\"https:\/\/ipc.cv\/wp-content\/uploads\/2025\/09\/514272575_1199712088863226_5606079208087580931_n-1024x768.jpg 1024w, https:\/\/ipc.cv\/wp-content\/uploads\/2025\/09\/514272575_1199712088863226_5606079208087580931_n-300x225.jpg 300w, https:\/\/ipc.cv\/wp-content\/uploads\/2025\/09\/514272575_1199712088863226_5606079208087580931_n-768x576.jpg 768w, https:\/\/ipc.cv\/wp-content\/uploads\/2025\/09\/514272575_1199712088863226_5606079208087580931_n-1536x1152.jpg 1536w, https:\/\/ipc.cv\/wp-content\/uploads\/2025\/09\/514272575_1199712088863226_5606079208087580931_n-16x12.jpg 16w, https:\/\/ipc.cv\/wp-content\/uploads\/2025\/09\/514272575_1199712088863226_5606079208087580931_n.jpg 1600w\" sizes=\"(max-width: 1024px) 100vw, 1024px\" \/><\/figure>\n<\/figure>\n\n\n\n<p>Estas obras foram recentemente alvo de visitas t\u00e9cnicas de fiscaliza\u00e7\u00e3o e acompanhamento, realizadas pela equipa do Instituto do Patrim\u00f3nio Cultural (IPC), do Fundo do Turismo e da C\u00e2mara Municipal de Santa Catarina. Ambos os projectos s\u00e3o financiados pelo Governo de Cabo Verde via Fundo do Turismo, no \u00e2mbito da implementa\u00e7\u00e3o do Plano Operacional do Turismo (POT).<\/p>\n\n\n\n<figure class=\"wp-block-gallery has-nested-images columns-default is-cropped wp-block-gallery-2 is-layout-flex wp-block-gallery-is-layout-flex\">\n<figure class=\"wp-block-image size-large\"><img loading=\"lazy\" decoding=\"async\" width=\"1024\" height=\"768\" data-id=\"17845\" src=\"https:\/\/ipc.cv\/wp-content\/uploads\/2025\/09\/514269780_1199711865529915_586718499287983517_n-1024x768.jpg\" alt=\"\" class=\"wp-image-17845\" srcset=\"https:\/\/ipc.cv\/wp-content\/uploads\/2025\/09\/514269780_1199711865529915_586718499287983517_n-1024x768.jpg 1024w, https:\/\/ipc.cv\/wp-content\/uploads\/2025\/09\/514269780_1199711865529915_586718499287983517_n-300x225.jpg 300w, https:\/\/ipc.cv\/wp-content\/uploads\/2025\/09\/514269780_1199711865529915_586718499287983517_n-768x576.jpg 768w, https:\/\/ipc.cv\/wp-content\/uploads\/2025\/09\/514269780_1199711865529915_586718499287983517_n-16x12.jpg 16w, https:\/\/ipc.cv\/wp-content\/uploads\/2025\/09\/514269780_1199711865529915_586718499287983517_n.jpg 1280w\" sizes=\"(max-width: 1024px) 100vw, 1024px\" \/><\/figure>\n\n\n\n<figure class=\"wp-block-image size-large\"><img loading=\"lazy\" decoding=\"async\" width=\"1024\" height=\"768\" data-id=\"17846\" src=\"https:\/\/ipc.cv\/wp-content\/uploads\/2025\/09\/519539282_1199711878863247_8964499541789323208_n-1024x768.jpg\" alt=\"\" class=\"wp-image-17846\" srcset=\"https:\/\/ipc.cv\/wp-content\/uploads\/2025\/09\/519539282_1199711878863247_8964499541789323208_n-1024x768.jpg 1024w, https:\/\/ipc.cv\/wp-content\/uploads\/2025\/09\/519539282_1199711878863247_8964499541789323208_n-300x225.jpg 300w, https:\/\/ipc.cv\/wp-content\/uploads\/2025\/09\/519539282_1199711878863247_8964499541789323208_n-768x576.jpg 768w, https:\/\/ipc.cv\/wp-content\/uploads\/2025\/09\/519539282_1199711878863247_8964499541789323208_n-16x12.jpg 16w, https:\/\/ipc.cv\/wp-content\/uploads\/2025\/09\/519539282_1199711878863247_8964499541789323208_n.jpg 1280w\" sizes=\"(max-width: 1024px) 100vw, 1024px\" \/><\/figure>\n\n\n\n<figure class=\"wp-block-image size-large\"><img loading=\"lazy\" decoding=\"async\" width=\"1024\" height=\"576\" data-id=\"17844\" src=\"https:\/\/ipc.cv\/wp-content\/uploads\/2025\/09\/515305473_1199711782196590_569713080874635022_n-1024x576.jpg\" alt=\"\" class=\"wp-image-17844\" srcset=\"https:\/\/ipc.cv\/wp-content\/uploads\/2025\/09\/515305473_1199711782196590_569713080874635022_n-1024x576.jpg 1024w, https:\/\/ipc.cv\/wp-content\/uploads\/2025\/09\/515305473_1199711782196590_569713080874635022_n-300x169.jpg 300w, https:\/\/ipc.cv\/wp-content\/uploads\/2025\/09\/515305473_1199711782196590_569713080874635022_n-768x432.jpg 768w, https:\/\/ipc.cv\/wp-content\/uploads\/2025\/09\/515305473_1199711782196590_569713080874635022_n-18x10.jpg 18w, https:\/\/ipc.cv\/wp-content\/uploads\/2025\/09\/515305473_1199711782196590_569713080874635022_n.jpg 1280w\" sizes=\"(max-width: 1024px) 100vw, 1024px\" \/><\/figure>\n<\/figure>","protected":false},"excerpt":{"rendered":"<p>As obras de reabilita\u00e7\u00e3o do Museu Norberto Tavares e da Casa do Morgado &#8211; Telhal, em Santa Catarina, Ilha de Santiago, encontram-se na fase final de execu\u00e7\u00e3o. No Museu Norberto Tavares, est\u00e3o em curso trabalhos fundamentais, como a confe\u00e7\u00e3o e montagem de expositores, a instala\u00e7\u00e3o do palco no p\u00e1tio exterior, a coloca\u00e7\u00e3o do novo piso, [&hellip;]<\/p>\n","protected":false},"featured_media":17847,"template":"","meta":[],"tags":[],"class_list":["post-17840","noticias","type-noticias","status-publish","has-post-thumbnail","hentry"],"_links":{"self":[{"href":"https:\/\/ipc.cv\/en\/wp-json\/wp\/v2\/noticias\/17840","targetHints":{"allow":["GET"]}}],"collection":[{"href":"https:\/\/ipc.cv\/en\/wp-json\/wp\/v2\/noticias"}],"about":[{"href":"https:\/\/ipc.cv\/en\/wp-json\/wp\/v2\/types\/noticias"}],"wp:featuredmedia":[{"embeddable":true,"href":"https:\/\/ipc.cv\/en\/wp-json\/wp\/v2\/media\/17847"}],"wp:attachment":[{"href":"https:\/\/ipc.cv\/en\/wp-json\/wp\/v2\/media?parent=17840"}],"wp:term":[{"taxonomy":"post_tag","embeddable":true,"href":"https:\/\/ipc.cv\/en\/wp-json\/wp\/v2\/tags?post=17840"}],"curies":[{"name":"wp","href":"https:\/\/api.w.org\/{rel}","templated":true}]}}