{"id":17377,"date":"2025-03-12T10:24:00","date_gmt":"2025-03-12T11:24:00","guid":{"rendered":"https:\/\/ipc.cv\/?post_type=noticias&#038;p=17377"},"modified":"2025-05-02T10:25:34","modified_gmt":"2025-05-02T11:25:34","slug":"no-ambito-do-projeto-de-valorizacao-dos-farois-historicos-de-cabo-verde-sera-inaugurado-nesta-sexta-feira-14-de-marco-pelas-16h-as-obras-de-reabilitacao-do-farol-dona-maria-pia-na-cidade-da-prai","status":"publish","type":"noticias","link":"https:\/\/ipc.cv\/en\/noticias\/no-ambito-do-projeto-de-valorizacao-dos-farois-historicos-de-cabo-verde-sera-inaugurado-nesta-sexta-feira-14-de-marco-pelas-16h-as-obras-de-reabilitacao-do-farol-dona-maria-pia-na-cidade-da-prai\/","title":{"rendered":"No \u00e2mbito do projeto de Valoriza\u00e7\u00e3o dos Far\u00f3is Hist\u00f3ricos de Cabo Verde, ser\u00e1 inaugurado, nesta sexta-feira, 14 de mar\u00e7o, pelas 16h, as obras de reabilita\u00e7\u00e3o do Farol Dona Maria Pia, na cidade da Praia, ilha de Santiago."},"content":{"rendered":"<p>O ato ser\u00e1 presidido pelo Ministro do Mar, Eng\u00ba Jorge Santos e o Ministro da Cultura e das Ind\u00fastrias Criativas, Augusto Veiga e contar\u00e1 com a presen\u00e7a da Embaixadora do Reino da Espanha em Cabo Verde, Ana Paredes Prieto.<\/p>\n\n\n\n<p>O projeto de valoriza\u00e7\u00e3o dos Far\u00f3is de Cabo Verde \u00e9 financiado pela Coopera\u00e7\u00e3o Espanhola, atrav\u00e9s da Ag\u00eancia Espanhola de Coopera\u00e7\u00e3o e Desenvolvimento (AECID) e visa promover a reabilita\u00e7\u00e3o e potencializa\u00e7\u00e3o de oito (<img decoding=\"async\" height=\"16\" width=\"16\" alt=\"\ud83d\ude0e\" src=\"https:\/\/static.xx.fbcdn.net\/images\/emoji.php\/v9\/t83\/1\/16\/1f60e.png\"> Far\u00f3is Hist\u00f3ricos, conservando a sua integridade enquanto elemento patrimonial e de seguran\u00e7a mar\u00edtima, promover a sua integra\u00e7\u00e3o no roteiro tur\u00edstico cultural nacional, atrav\u00e9s da cria\u00e7\u00e3o de espa\u00e7os de interpreta\u00e7\u00e3o, melhorar o acesso e sinaliza\u00e7\u00e3o e a agrega\u00e7\u00e3o de novos servi\u00e7os a n\u00edvel de espa\u00e7os de lazer e contempla\u00e7\u00e3o.<\/p>\n\n\n\n<p>O mesmo resulta de um protocolo assinado pelo Minist\u00e9rio do Mar, atrav\u00e9s do Instituto Mar\u00edtimo Portu\u00e1rio e o MCIC, atrav\u00e9s do Instituto do Patrim\u00f3nio Cultural.<\/p>\n\n\n\n<p>Os far\u00f3is selecionados representam marcos hist\u00f3ricos importantes que testemunharam s\u00e9culos de navega\u00e7\u00e3o e atividade mar\u00edtima. O objetivo principal do projeto \u00e9 preservar a rica hist\u00f3ria mar\u00edtima do pa\u00eds, promovendo a diversifica\u00e7\u00e3o dos pontos de interesse tur\u00edstico e est\u00e1 a cargo do Instituto do Patrim\u00f3nio Cultural.<\/p>","protected":false},"excerpt":{"rendered":"<p>O ato ser\u00e1 presidido pelo Ministro do Mar, Eng\u00ba Jorge Santos e o Ministro da Cultura e das Ind\u00fastrias Criativas, Augusto Veiga e contar\u00e1 com a presen\u00e7a da Embaixadora do Reino da Espanha em Cabo Verde, Ana Paredes Prieto. O projeto de valoriza\u00e7\u00e3o dos Far\u00f3is de Cabo Verde \u00e9 financiado pela Coopera\u00e7\u00e3o Espanhola, atrav\u00e9s da [&hellip;]<\/p>\n","protected":false},"featured_media":17378,"template":"","meta":[],"tags":[],"class_list":["post-17377","noticias","type-noticias","status-publish","has-post-thumbnail","hentry"],"_links":{"self":[{"href":"https:\/\/ipc.cv\/en\/wp-json\/wp\/v2\/noticias\/17377","targetHints":{"allow":["GET"]}}],"collection":[{"href":"https:\/\/ipc.cv\/en\/wp-json\/wp\/v2\/noticias"}],"about":[{"href":"https:\/\/ipc.cv\/en\/wp-json\/wp\/v2\/types\/noticias"}],"wp:featuredmedia":[{"embeddable":true,"href":"https:\/\/ipc.cv\/en\/wp-json\/wp\/v2\/media\/17378"}],"wp:attachment":[{"href":"https:\/\/ipc.cv\/en\/wp-json\/wp\/v2\/media?parent=17377"}],"wp:term":[{"taxonomy":"post_tag","embeddable":true,"href":"https:\/\/ipc.cv\/en\/wp-json\/wp\/v2\/tags?post=17377"}],"curies":[{"name":"wp","href":"https:\/\/api.w.org\/{rel}","templated":true}]}}