{"id":7779,"date":"2024-02-06T13:45:00","date_gmt":"2024-02-06T14:45:00","guid":{"rendered":"https:\/\/ipc.cv\/?post_type=noticias&#038;p=7779"},"modified":"2024-02-20T13:47:12","modified_gmt":"2024-02-20T14:47:12","slug":"inicio-das-obras-de-reabilitacao-e-musealizacao-do-forte-de-sao-verissimo","status":"publish","type":"noticias","link":"https:\/\/ipc.cv\/cv\/noticias\/inicio-das-obras-de-reabilitacao-e-musealizacao-do-forte-de-sao-verissimo\/","title":{"rendered":"In\u00edcio das Obras de reabilita\u00e7\u00e3o e musealiza\u00e7\u00e3o do Forte de S\u00e3o Ver\u00edssimo"},"content":{"rendered":"<p>A Fortaleza de S\u00e3o Ver\u00edssimo est\u00e1 prestes a conquistar um lugar de destaque no mapa do roteiro tur\u00edstico da Cidade Velha, Patrim\u00f3nio Mundial, gra\u00e7as \u00e0s obras de reabilita\u00e7\u00e3o e musealiza\u00e7\u00e3o que agora se iniciam.<\/p>\n\n\n\n<p>O projeto de reabilita\u00e7\u00e3o recebeu um importante suporte financeiro, sendo cofinanciado pelo Governo de Cabo Verde, atrav\u00e9s do Fundo do Turismo e pelo Fundo Africano do Patrim\u00f4nio Mundial, uma respeitada organiza\u00e7\u00e3o intergovernamental dedicada \u00e0 conserva\u00e7\u00e3o e prote\u00e7\u00e3o do patrim\u00f4nio cultural e natural de excecional valor universal em \u00c1frica.<\/p>\n\n\n\n<figure class=\"wp-block-gallery has-nested-images columns-default is-cropped wp-block-gallery-1 is-layout-flex wp-block-gallery-is-layout-flex\">\n<figure class=\"wp-block-image size-large\"><img fetchpriority=\"high\" decoding=\"async\" width=\"1024\" height=\"768\" data-id=\"7783\" src=\"https:\/\/ipc.cv\/wp-content\/uploads\/2024\/02\/Inicio-das-Obras-de-reabilitacao-e-musealizacao-do-Forte-de-Sao-Verissimo-1-1024x768.jpg\" alt=\"\" class=\"wp-image-7783\" srcset=\"https:\/\/ipc.cv\/wp-content\/uploads\/2024\/02\/Inicio-das-Obras-de-reabilitacao-e-musealizacao-do-Forte-de-Sao-Verissimo-1-1024x768.jpg 1024w, https:\/\/ipc.cv\/wp-content\/uploads\/2024\/02\/Inicio-das-Obras-de-reabilitacao-e-musealizacao-do-Forte-de-Sao-Verissimo-1-300x225.jpg 300w, https:\/\/ipc.cv\/wp-content\/uploads\/2024\/02\/Inicio-das-Obras-de-reabilitacao-e-musealizacao-do-Forte-de-Sao-Verissimo-1-768x576.jpg 768w, https:\/\/ipc.cv\/wp-content\/uploads\/2024\/02\/Inicio-das-Obras-de-reabilitacao-e-musealizacao-do-Forte-de-Sao-Verissimo-1-1536x1152.jpg 1536w, https:\/\/ipc.cv\/wp-content\/uploads\/2024\/02\/Inicio-das-Obras-de-reabilitacao-e-musealizacao-do-Forte-de-Sao-Verissimo-1-16x12.jpg 16w, https:\/\/ipc.cv\/wp-content\/uploads\/2024\/02\/Inicio-das-Obras-de-reabilitacao-e-musealizacao-do-Forte-de-Sao-Verissimo-1.jpg 2016w\" sizes=\"(max-width: 1024px) 100vw, 1024px\" \/><\/figure>\n\n\n\n<figure class=\"wp-block-image size-large\"><img decoding=\"async\" width=\"1024\" height=\"768\" data-id=\"7781\" src=\"https:\/\/ipc.cv\/wp-content\/uploads\/2024\/02\/Inicio-das-Obras-de-reabilitacao-e-musealizacao-do-Forte-de-Sao-Verissimo-2-1024x768.jpg\" alt=\"\" class=\"wp-image-7781\" srcset=\"https:\/\/ipc.cv\/wp-content\/uploads\/2024\/02\/Inicio-das-Obras-de-reabilitacao-e-musealizacao-do-Forte-de-Sao-Verissimo-2-1024x768.jpg 1024w, https:\/\/ipc.cv\/wp-content\/uploads\/2024\/02\/Inicio-das-Obras-de-reabilitacao-e-musealizacao-do-Forte-de-Sao-Verissimo-2-300x225.jpg 300w, https:\/\/ipc.cv\/wp-content\/uploads\/2024\/02\/Inicio-das-Obras-de-reabilitacao-e-musealizacao-do-Forte-de-Sao-Verissimo-2-768x576.jpg 768w, https:\/\/ipc.cv\/wp-content\/uploads\/2024\/02\/Inicio-das-Obras-de-reabilitacao-e-musealizacao-do-Forte-de-Sao-Verissimo-2-1536x1152.jpg 1536w, https:\/\/ipc.cv\/wp-content\/uploads\/2024\/02\/Inicio-das-Obras-de-reabilitacao-e-musealizacao-do-Forte-de-Sao-Verissimo-2-16x12.jpg 16w, https:\/\/ipc.cv\/wp-content\/uploads\/2024\/02\/Inicio-das-Obras-de-reabilitacao-e-musealizacao-do-Forte-de-Sao-Verissimo-2.jpg 2016w\" sizes=\"(max-width: 1024px) 100vw, 1024px\" \/><\/figure>\n\n\n\n<figure class=\"wp-block-image size-large\"><img decoding=\"async\" width=\"1024\" height=\"768\" data-id=\"7782\" src=\"https:\/\/ipc.cv\/wp-content\/uploads\/2024\/02\/Inicio-das-Obras-de-reabilitacao-e-musealizacao-do-Forte-de-Sao-Verissimo-3-1024x768.jpg\" alt=\"\" class=\"wp-image-7782\" srcset=\"https:\/\/ipc.cv\/wp-content\/uploads\/2024\/02\/Inicio-das-Obras-de-reabilitacao-e-musealizacao-do-Forte-de-Sao-Verissimo-3-1024x768.jpg 1024w, https:\/\/ipc.cv\/wp-content\/uploads\/2024\/02\/Inicio-das-Obras-de-reabilitacao-e-musealizacao-do-Forte-de-Sao-Verissimo-3-300x225.jpg 300w, https:\/\/ipc.cv\/wp-content\/uploads\/2024\/02\/Inicio-das-Obras-de-reabilitacao-e-musealizacao-do-Forte-de-Sao-Verissimo-3-768x576.jpg 768w, https:\/\/ipc.cv\/wp-content\/uploads\/2024\/02\/Inicio-das-Obras-de-reabilitacao-e-musealizacao-do-Forte-de-Sao-Verissimo-3-1536x1152.jpg 1536w, https:\/\/ipc.cv\/wp-content\/uploads\/2024\/02\/Inicio-das-Obras-de-reabilitacao-e-musealizacao-do-Forte-de-Sao-Verissimo-3-16x12.jpg 16w, https:\/\/ipc.cv\/wp-content\/uploads\/2024\/02\/Inicio-das-Obras-de-reabilitacao-e-musealizacao-do-Forte-de-Sao-Verissimo-3.jpg 2016w\" sizes=\"(max-width: 1024px) 100vw, 1024px\" \/><\/figure>\n<\/figure>\n\n\n\n<p>O or\u00e7amento global do projeto ronda os 30 mil euros, refletindo o compromisso conjunto de preservar e revitalizar esse importante Patrim\u00f3nio hist\u00f3rico e Cultural do S\u00edtio. O Instituto do Patrim\u00f3nio Cultural programou para fase que antecedeu as obras, atividades de sensibiliza\u00e7\u00e3o e mobiliza\u00e7\u00e3o, com a\u00e7\u00f5es de informa\u00e7\u00e3o junto da comunidade residente e envolvente.<\/p>\n\n\n\n<p>A consolida\u00e7\u00e3o das suas estruturas coincidir\u00e1 com a musealiza\u00e7\u00e3o do monumento, mediante a implementa\u00e7\u00e3o de mecanismos de interpreta\u00e7\u00e3o e frui\u00e7\u00e3o cultural.<\/p>\n\n\n\n<p>Edificado no final do s\u00e9culo XVI (1590), o forte ocupou, outrora, uma posi\u00e7\u00e3o estrat\u00e9gica na defesa do \u201cporto\u201d e da ba\u00eda contra os frequentes ataques de piratas e cors\u00e1rios.<\/p>","protected":false},"excerpt":{"rendered":"<p>A Fortaleza de S\u00e3o Ver\u00edssimo est\u00e1 prestes a conquistar um lugar de destaque no mapa do roteiro tur\u00edstico da Cidade Velha, Patrim\u00f3nio Mundial, gra\u00e7as \u00e0s obras de reabilita\u00e7\u00e3o e musealiza\u00e7\u00e3o que agora se iniciam. O projeto de reabilita\u00e7\u00e3o recebeu um importante suporte financeiro, sendo cofinanciado pelo Governo de Cabo Verde, atrav\u00e9s do Fundo do Turismo [&hellip;]<\/p>\n","protected":false},"featured_media":7780,"template":"","meta":[],"tags":[],"class_list":["post-7779","noticias","type-noticias","status-publish","has-post-thumbnail","hentry"],"_links":{"self":[{"href":"https:\/\/ipc.cv\/cv\/wp-json\/wp\/v2\/noticias\/7779","targetHints":{"allow":["GET"]}}],"collection":[{"href":"https:\/\/ipc.cv\/cv\/wp-json\/wp\/v2\/noticias"}],"about":[{"href":"https:\/\/ipc.cv\/cv\/wp-json\/wp\/v2\/types\/noticias"}],"wp:featuredmedia":[{"embeddable":true,"href":"https:\/\/ipc.cv\/cv\/wp-json\/wp\/v2\/media\/7780"}],"wp:attachment":[{"href":"https:\/\/ipc.cv\/cv\/wp-json\/wp\/v2\/media?parent=7779"}],"wp:term":[{"taxonomy":"post_tag","embeddable":true,"href":"https:\/\/ipc.cv\/cv\/wp-json\/wp\/v2\/tags?post=7779"}],"curies":[{"name":"wp","href":"https:\/\/api.w.org\/{rel}","templated":true}]}}