{"id":7522,"date":"2023-09-21T11:27:00","date_gmt":"2023-09-21T12:27:00","guid":{"rendered":"https:\/\/ipc.cv\/?post_type=noticias&#038;p=7522"},"modified":"2023-12-11T15:31:05","modified_gmt":"2023-12-11T16:31:05","slug":"plano-de-salvaguarda-da-cidade-velha-encontro-com-entidades-matriz","status":"publish","type":"noticias","link":"https:\/\/ipc.cv\/cv\/noticias\/plano-de-salvaguarda-da-cidade-velha-encontro-com-entidades-matriz\/","title":{"rendered":"Plano de Salvaguarda da Cidade Velha \u2013 Encontro com entidades matriz"},"content":{"rendered":"<p>O Instituto do Patrim\u00f3nio Cultural, promoveu, ontem, dia 20 de setembro, um encontro com as principais partes envolvidas no processo de elabora\u00e7\u00e3o do Plano de Salvaguarda da Cidade Velha, Patrim\u00f3nio Mundial.<\/p>\n\n\n\n<p>Um encontro que contou com a participa\u00e7\u00e3o das institui\u00e7\u00f5es nacionais como o IPC, CMRGS, INGT, UGPE e o cons\u00f3rcio vencedor do concurso liderado pela Gesplan, Gesti\u00f3n y Planeamiento Territorial y <a><\/a>Medioambiental, S.A, das Can\u00e1rias.<\/p>\n\n\n\n<p>Durante a reuni\u00e3o aconteceu a apresenta\u00e7\u00e3o das etapas e metodologias que ser\u00e3o adotados no processo da elabora\u00e7\u00e3o do Plano de Salvaguarda, que passa pela defini\u00e7\u00e3o de um plano de sensibiliza\u00e7\u00e3o e comunica\u00e7\u00e3o, pelo diagn\u00f3stico e caracteriza\u00e7\u00e3o do s\u00edtio, ao esbo\u00e7o do plano que dever\u00e1 ser conclu\u00eddo em maio de 2024.<\/p>\n\n\n\n<p>Para a Elabora\u00e7\u00e3o do Plano de Salvaguarda, para al\u00e9m do suporte institucional, est\u00e3o diretamente implicados 17 profissionais com um perfil multidisciplinar, dos quais 6 arquitetos, 1 arque\u00f3logo,1 gestor do patrim\u00f3nio, 2 engenheiros, 1 ge\u00f3grafo, 2 historiadores da arte, 2 soci\u00f3logos e 2 juristas.<\/p>\n\n\n\n<figure class=\"wp-block-gallery has-nested-images columns-default is-cropped wp-block-gallery-1 is-layout-flex wp-block-gallery-is-layout-flex\">\n<figure class=\"wp-block-image size-large\"><img fetchpriority=\"high\" decoding=\"async\" width=\"1024\" height=\"683\" data-id=\"7524\" src=\"https:\/\/ipc.cv\/wp-content\/uploads\/2023\/12\/Plano-de-Salvaguarda-da-Cidade-Velha-\u2013-Encontro-com-entidades-mat-1024x683.jpg\" alt=\"\" class=\"wp-image-7524\" srcset=\"https:\/\/ipc.cv\/wp-content\/uploads\/2023\/12\/Plano-de-Salvaguarda-da-Cidade-Velha-\u2013-Encontro-com-entidades-mat-1024x683.jpg 1024w, https:\/\/ipc.cv\/wp-content\/uploads\/2023\/12\/Plano-de-Salvaguarda-da-Cidade-Velha-\u2013-Encontro-com-entidades-mat-300x200.jpg 300w, https:\/\/ipc.cv\/wp-content\/uploads\/2023\/12\/Plano-de-Salvaguarda-da-Cidade-Velha-\u2013-Encontro-com-entidades-mat-768x512.jpg 768w, https:\/\/ipc.cv\/wp-content\/uploads\/2023\/12\/Plano-de-Salvaguarda-da-Cidade-Velha-\u2013-Encontro-com-entidades-mat-18x12.jpg 18w, https:\/\/ipc.cv\/wp-content\/uploads\/2023\/12\/Plano-de-Salvaguarda-da-Cidade-Velha-\u2013-Encontro-com-entidades-mat.jpg 1280w\" sizes=\"(max-width: 1024px) 100vw, 1024px\" \/><\/figure>\n\n\n\n<figure class=\"wp-block-image size-large\"><img decoding=\"async\" width=\"1024\" height=\"683\" data-id=\"7525\" src=\"https:\/\/ipc.cv\/wp-content\/uploads\/2023\/12\/Plano-de-Salvaguarda-da-Cidade-Velha-\u2013-Encontro-com-entidades-matr-1024x683.jpg\" alt=\"\" class=\"wp-image-7525\" srcset=\"https:\/\/ipc.cv\/wp-content\/uploads\/2023\/12\/Plano-de-Salvaguarda-da-Cidade-Velha-\u2013-Encontro-com-entidades-matr-1024x683.jpg 1024w, https:\/\/ipc.cv\/wp-content\/uploads\/2023\/12\/Plano-de-Salvaguarda-da-Cidade-Velha-\u2013-Encontro-com-entidades-matr-300x200.jpg 300w, https:\/\/ipc.cv\/wp-content\/uploads\/2023\/12\/Plano-de-Salvaguarda-da-Cidade-Velha-\u2013-Encontro-com-entidades-matr-768x512.jpg 768w, https:\/\/ipc.cv\/wp-content\/uploads\/2023\/12\/Plano-de-Salvaguarda-da-Cidade-Velha-\u2013-Encontro-com-entidades-matr-18x12.jpg 18w, https:\/\/ipc.cv\/wp-content\/uploads\/2023\/12\/Plano-de-Salvaguarda-da-Cidade-Velha-\u2013-Encontro-com-entidades-matr.jpg 1280w\" sizes=\"(max-width: 1024px) 100vw, 1024px\" \/><\/figure>\n\n\n\n<figure class=\"wp-block-image size-large\"><img decoding=\"async\" width=\"1024\" height=\"683\" data-id=\"7526\" src=\"https:\/\/ipc.cv\/wp-content\/uploads\/2023\/12\/Plano-de-Salvaguarda-da-Cidade-Velha-\u2013-Encontro-com-entidades-matri-1024x683.jpg\" alt=\"\" class=\"wp-image-7526\" srcset=\"https:\/\/ipc.cv\/wp-content\/uploads\/2023\/12\/Plano-de-Salvaguarda-da-Cidade-Velha-\u2013-Encontro-com-entidades-matri-1024x683.jpg 1024w, https:\/\/ipc.cv\/wp-content\/uploads\/2023\/12\/Plano-de-Salvaguarda-da-Cidade-Velha-\u2013-Encontro-com-entidades-matri-300x200.jpg 300w, https:\/\/ipc.cv\/wp-content\/uploads\/2023\/12\/Plano-de-Salvaguarda-da-Cidade-Velha-\u2013-Encontro-com-entidades-matri-768x512.jpg 768w, https:\/\/ipc.cv\/wp-content\/uploads\/2023\/12\/Plano-de-Salvaguarda-da-Cidade-Velha-\u2013-Encontro-com-entidades-matri-18x12.jpg 18w, https:\/\/ipc.cv\/wp-content\/uploads\/2023\/12\/Plano-de-Salvaguarda-da-Cidade-Velha-\u2013-Encontro-com-entidades-matri.jpg 1280w\" sizes=\"(max-width: 1024px) 100vw, 1024px\" \/><\/figure>\n\n\n\n<figure class=\"wp-block-image size-large\"><img loading=\"lazy\" decoding=\"async\" width=\"1024\" height=\"683\" data-id=\"7527\" src=\"https:\/\/ipc.cv\/wp-content\/uploads\/2023\/12\/Plano-de-Salvaguarda-da-Cidade-Velha-\u2013-Encontro-com-entidades-matriz-1024x683.jpg\" alt=\"\" class=\"wp-image-7527\" srcset=\"https:\/\/ipc.cv\/wp-content\/uploads\/2023\/12\/Plano-de-Salvaguarda-da-Cidade-Velha-\u2013-Encontro-com-entidades-matriz-1024x683.jpg 1024w, https:\/\/ipc.cv\/wp-content\/uploads\/2023\/12\/Plano-de-Salvaguarda-da-Cidade-Velha-\u2013-Encontro-com-entidades-matriz-300x200.jpg 300w, https:\/\/ipc.cv\/wp-content\/uploads\/2023\/12\/Plano-de-Salvaguarda-da-Cidade-Velha-\u2013-Encontro-com-entidades-matriz-768x512.jpg 768w, https:\/\/ipc.cv\/wp-content\/uploads\/2023\/12\/Plano-de-Salvaguarda-da-Cidade-Velha-\u2013-Encontro-com-entidades-matriz-18x12.jpg 18w, https:\/\/ipc.cv\/wp-content\/uploads\/2023\/12\/Plano-de-Salvaguarda-da-Cidade-Velha-\u2013-Encontro-com-entidades-matriz.jpg 1280w\" sizes=\"(max-width: 1024px) 100vw, 1024px\" \/><\/figure>\n<\/figure>\n\n\n\n<p>Igualmente, foi partilhada os prazos para as entregas das principais componentes do Projetos, sendo o Diagn\u00f3stico e Caracteriza\u00e7\u00e3o ainda em novembro pr\u00f3ximo.<\/p>\n\n\n\n<p>De real\u00e7ar que o Plano de Salvaguarda da Cidade Velha, \u00e9 um projeto do Governo de Cabo Verde em parceria com a CMRGS no quadro do Plano Operacional do Turismo &#8211; POT, financiado pelo Banco Mundial &#8211; Projeto Turismo Resiliente e Desenvolvimento da Economia Azul em cerca de 18.000.000 (dezoito mil contos).<\/p>\n\n\n\n<p>Com a sua elabora\u00e7\u00e3o inicia-se a implementa\u00e7\u00e3o dos projetos estruturantes para a Cidade Velha (num montante global de 1,520,000 US) cujo foco \u00e9 a preserva\u00e7\u00e3o dos atributos e do Valor Universal Excecional do s\u00edtio, a melhoria da paisagem urbana hist\u00f3rica, da acessibilidade, frui\u00e7\u00e3o e lazer, para a comunidade residente e visitante.<\/p>","protected":false},"excerpt":{"rendered":"<p>O Instituto do Patrim\u00f3nio Cultural, promoveu, ontem, dia 20 de setembro, um encontro com as principais partes envolvidas no processo de elabora\u00e7\u00e3o do Plano de Salvaguarda da Cidade Velha, Patrim\u00f3nio Mundial. Um encontro que contou com a participa\u00e7\u00e3o das institui\u00e7\u00f5es nacionais como o IPC, CMRGS, INGT, UGPE e o cons\u00f3rcio vencedor do concurso liderado pela [&hellip;]<\/p>\n","protected":false},"featured_media":7523,"template":"","meta":[],"tags":[],"class_list":["post-7522","noticias","type-noticias","status-publish","has-post-thumbnail","hentry"],"_links":{"self":[{"href":"https:\/\/ipc.cv\/cv\/wp-json\/wp\/v2\/noticias\/7522","targetHints":{"allow":["GET"]}}],"collection":[{"href":"https:\/\/ipc.cv\/cv\/wp-json\/wp\/v2\/noticias"}],"about":[{"href":"https:\/\/ipc.cv\/cv\/wp-json\/wp\/v2\/types\/noticias"}],"wp:featuredmedia":[{"embeddable":true,"href":"https:\/\/ipc.cv\/cv\/wp-json\/wp\/v2\/media\/7523"}],"wp:attachment":[{"href":"https:\/\/ipc.cv\/cv\/wp-json\/wp\/v2\/media?parent=7522"}],"wp:term":[{"taxonomy":"post_tag","embeddable":true,"href":"https:\/\/ipc.cv\/cv\/wp-json\/wp\/v2\/tags?post=7522"}],"curies":[{"name":"wp","href":"https:\/\/api.w.org\/{rel}","templated":true}]}}