{"id":7064,"date":"2023-03-23T10:48:00","date_gmt":"2023-03-23T11:48:00","guid":{"rendered":"https:\/\/ipc.cv\/?post_type=noticias&#038;p=7064"},"modified":"2023-03-28T14:52:38","modified_gmt":"2023-03-28T15:52:38","slug":"a-direcao-do-ipc-recebe-visita-do-presidente-do-comite-regional-africano-da-memoria-do-mundo-arcmow","status":"publish","type":"noticias","link":"https:\/\/ipc.cv\/cv\/noticias\/a-direcao-do-ipc-recebe-visita-do-presidente-do-comite-regional-africano-da-memoria-do-mundo-arcmow\/","title":{"rendered":"A Dire\u00e7\u00e3o do IPC recebe visita do Presidente do Comit\u00e9 Regional Africano da Mem\u00f3ria do Mundo (ARCMOW)"},"content":{"rendered":"<p>A Dire\u00e7\u00e3o do Instituto do Patrim\u00f3nio Cultural, na pessoa da Presidente do Conselho Cient\u00edfico e dos diretores de servi\u00e7o, receberam no final da tarde de ontem, o Presidente do Comit\u00e9 Regional Africano da Mem\u00f3ria do Mundo (ARCMOW), Dr. Papa Momar Diop.<\/p>\n\n\n\n<p>Uma visita de cortesia, onde p\u00f4de inteirar-se dos trabalhos que t\u00eam sido desenvolvidos pelo IPC, nomeadamente da valoriza\u00e7\u00e3o <a><\/a>das fontes orais enquanto elemento essencial para a composi\u00e7\u00e3o da hist\u00f3ria e do percurso do pa\u00eds.<\/p>\n\n\n\n<p>O IPC integra o Comit\u00e9 Nacional Cabo-verdiano da Mem\u00f3ria o Mundo com dois t\u00e9cnicos, o Antrop\u00f3logo Humberto Lima e Carlos Barbosa.<\/p>\n\n\n\n<p>E no quadro deste programa segundo, Papa Diop, a institui\u00e7\u00e3o poder\u00e1 ter um papel muito importante, tendo em conta a dimens\u00e3o dos arquivos que conserva, nomeadamente a n\u00edvel dos museus e das fontes arqueol\u00f3gicas.<\/p>\n\n\n\n<p>Momar Diop salientou ainda que o acervo documental ligado \u00e0s tradi\u00e7\u00f5es orais, do patrim\u00f3nio arqueol\u00f3gico, com importantes refer\u00eancias nos dom\u00ednios da hist\u00f3ria de Cabo Verde, relacionado com o tr\u00e1fico de escravos, poder\u00e1 ser inscrito na lista da mem\u00f3ria do mundo a n\u00edvel nacional e internacional.<\/p>\n\n\n\n<p>Ana Samira Baessa aproveitou o momento para falar do projeto que o IPC tem em curso para a cria\u00e7\u00e3o do laborat\u00f3rio das tradi\u00e7\u00f5es orais, criando mecanismos para que sejam acess\u00edveis n\u00e3o apenas aos investigadores internos, mas tamb\u00e9m a toda a comunidade enquanto fontes de mem\u00f3ria da hist\u00f3ria nacional.<\/p>","protected":false},"excerpt":{"rendered":"<p>A Dire\u00e7\u00e3o do Instituto do Patrim\u00f3nio Cultural, na pessoa da Presidente do Conselho Cient\u00edfico e dos diretores de servi\u00e7o, receberam no final da tarde de ontem, o Presidente do Comit\u00e9 Regional Africano da Mem\u00f3ria do Mundo (ARCMOW), Dr. Papa Momar Diop. Uma visita de cortesia, onde p\u00f4de inteirar-se dos trabalhos que t\u00eam sido desenvolvidos pelo [&hellip;]<\/p>\n","protected":false},"featured_media":7065,"template":"","meta":[],"tags":[],"class_list":["post-7064","noticias","type-noticias","status-publish","has-post-thumbnail","hentry"],"_links":{"self":[{"href":"https:\/\/ipc.cv\/cv\/wp-json\/wp\/v2\/noticias\/7064","targetHints":{"allow":["GET"]}}],"collection":[{"href":"https:\/\/ipc.cv\/cv\/wp-json\/wp\/v2\/noticias"}],"about":[{"href":"https:\/\/ipc.cv\/cv\/wp-json\/wp\/v2\/types\/noticias"}],"wp:featuredmedia":[{"embeddable":true,"href":"https:\/\/ipc.cv\/cv\/wp-json\/wp\/v2\/media\/7065"}],"wp:attachment":[{"href":"https:\/\/ipc.cv\/cv\/wp-json\/wp\/v2\/media?parent=7064"}],"wp:term":[{"taxonomy":"post_tag","embeddable":true,"href":"https:\/\/ipc.cv\/cv\/wp-json\/wp\/v2\/tags?post=7064"}],"curies":[{"name":"wp","href":"https:\/\/api.w.org\/{rel}","templated":true}]}}