{"id":6914,"date":"2022-11-28T16:02:00","date_gmt":"2022-11-28T17:02:00","guid":{"rendered":"https:\/\/ipc.cv\/?post_type=noticias&#038;p=6914"},"modified":"2022-12-05T12:06:24","modified_gmt":"2022-12-05T13:06:24","slug":"campo-de-concentracao-do-tarrafal-recebe-visita-dos-ex-presos-politicos-angolanos","status":"publish","type":"noticias","link":"https:\/\/ipc.cv\/cv\/noticias\/campo-de-concentracao-do-tarrafal-recebe-visita-dos-ex-presos-politicos-angolanos\/","title":{"rendered":"Campo de Concentra\u00e7\u00e3o do Tarrafal recebe visita dos ex-presos pol\u00edticos angolanos"},"content":{"rendered":"<p>No \u00e2mbito da realiza\u00e7\u00e3o do filme document\u00e1rio \u201cTarrafal, Terra Longe\u201d, pelas produtoras Gamboa &amp; Gamboa (Angola), Silv\u00e3o Produ\u00e7\u00f5es (Cabo Verde) e Real Fic\u00e7\u00e3o (Portugal), o Campo de Concentra\u00e7\u00e3o do Tarrafal recebeu a visita dos ex presos pol\u00edticos angolanos Luandino Vieira, Amadeu Amorim, Justinio Pinto de Andrade, Alberto Correia Neto, Jaime Cohen e Aldemiro Vaz da Concei\u00e7\u00e3o.<\/p>\n\n\n\n<p>Revisitar as mem\u00f3rias <a><\/a>de dos ex-combatentes no Campo de Concentra\u00e7\u00e3o do Tarrafal, 50 anos depois, de novo no mesmo espa\u00e7o, \u00e9 o cerne do document\u00e1rio.<\/p>\n\n\n\n<p>A narrativa, contar\u00e1 tamb\u00e9m com os contributos de Eul\u00e1lia de Andrade (Dona Beba, imagens filmadas em 2019), Pedro Pires, ex-presidente da Rep\u00fablica de Cabo Verde, e o de um jovem portugu\u00eas, o fot\u00f3grafo, Jo\u00e3o Pina, neto de um tamb\u00e9m ex-preso politico portugu\u00eas, da primeira fase da Pris\u00e3o do Tarrafal, 1936-1954.Campo de Concentra\u00e7\u00e3o do Tarrafal recebe visita dos ex-presos pol\u00edticos angolanos<\/p>","protected":false},"excerpt":{"rendered":"<p>No \u00e2mbito da realiza\u00e7\u00e3o do filme document\u00e1rio \u201cTarrafal, Terra Longe\u201d, pelas produtoras Gamboa &amp; Gamboa (Angola), Silv\u00e3o Produ\u00e7\u00f5es (Cabo Verde) e Real Fic\u00e7\u00e3o (Portugal), o Campo de Concentra\u00e7\u00e3o do Tarrafal recebeu a visita dos ex presos pol\u00edticos angolanos Luandino Vieira, Amadeu Amorim, Justinio Pinto de Andrade, Alberto Correia Neto, Jaime Cohen e Aldemiro Vaz da [&hellip;]<\/p>\n","protected":false},"featured_media":6915,"template":"","meta":[],"tags":[],"class_list":["post-6914","noticias","type-noticias","status-publish","has-post-thumbnail","hentry"],"_links":{"self":[{"href":"https:\/\/ipc.cv\/cv\/wp-json\/wp\/v2\/noticias\/6914","targetHints":{"allow":["GET"]}}],"collection":[{"href":"https:\/\/ipc.cv\/cv\/wp-json\/wp\/v2\/noticias"}],"about":[{"href":"https:\/\/ipc.cv\/cv\/wp-json\/wp\/v2\/types\/noticias"}],"wp:featuredmedia":[{"embeddable":true,"href":"https:\/\/ipc.cv\/cv\/wp-json\/wp\/v2\/media\/6915"}],"wp:attachment":[{"href":"https:\/\/ipc.cv\/cv\/wp-json\/wp\/v2\/media?parent=6914"}],"wp:term":[{"taxonomy":"post_tag","embeddable":true,"href":"https:\/\/ipc.cv\/cv\/wp-json\/wp\/v2\/tags?post=6914"}],"curies":[{"name":"wp","href":"https:\/\/api.w.org\/{rel}","templated":true}]}}