{"id":5387,"date":"2021-10-21T10:33:00","date_gmt":"2021-10-21T11:33:00","guid":{"rendered":"https:\/\/ipc.cv\/?post_type=noticias&#038;p=5387"},"modified":"2021-10-26T12:08:03","modified_gmt":"2021-10-26T13:08:03","slug":"abertura-da-exposicao-temporaria-cimboa-resistindo-ao-tempo-e-driblando-o-esquecimento-2","status":"publish","type":"noticias","link":"https:\/\/ipc.cv\/cv\/noticias\/abertura-da-exposicao-temporaria-cimboa-resistindo-ao-tempo-e-driblando-o-esquecimento-2\/","title":{"rendered":"Abertura da exposi\u00e7\u00e3o tempor\u00e1ria  &#8211;  \u201cCimboa: resistindo ao tempo e driblando o esquecimento\u201d"},"content":{"rendered":"<p>O Museu Etnogr\u00e1fico da Praia abre nesta sexta-feira, dia 22 de Outubro, a partir das 16h30, a exposi\u00e7\u00e3o \u201c- \u201cCimboa: resistindo ao tempo e driblando o esquecimento\u201d. <\/p>\n\n\n\n<p>Esta exposi\u00e7\u00e3o que enquadra-se no \u00e2mbito da rotatividade das exposi\u00e7\u00f5es e das atividades comemorativas do Dia Nacional da Cultura e das Comunidades assinalada a 18 de outubro, tem como objetivo apresentar a Cimboa enquanto instrumento musical tradicional, fortemente enraizado na Ilha de Santiago e que esteve durante muitos anos no esquecimento. <\/p>\n\n\n\n<p>Estar\u00e1 patente ainda o ciclo de confe\u00e7\u00e3o da cimboa: desde as mat\u00e9rias-primas e ferramentas tradicionais utilizadas no seu fabrico, os seus grandes mestres, bem como o trabalho de salvaguarda e de resgate deste instrumento musical praticamente em desuso. <\/p>\n\n\n\n<p>A abertura da exposi\u00e7\u00e3o ser\u00e1 acompanhada de demostra\u00e7\u00e3o do processo de confe\u00e7\u00e3o e uma tocatina, coordenado pelo Sr. Domingos Fernandes (Pascoal), atualmente um dos grandes nomes em torno da dinamiza\u00e7\u00e3o da Cimboa, e ser\u00e1 presidida pelo Ministro da Cultura e das Ind\u00fastrias Criativas, Abra\u00e3o Vicente.<\/p>","protected":false},"excerpt":{"rendered":"<p>O Museu Etnogr\u00e1fico da Praia abre nesta sexta-feira, dia 22 de Outubro, a partir das 16h30, a exposi\u00e7\u00e3o \u201c- \u201cCimboa: resistindo ao tempo e driblando o esquecimento\u201d. Esta exposi\u00e7\u00e3o que enquadra-se no \u00e2mbito da rotatividade das exposi\u00e7\u00f5es e das atividades comemorativas do Dia Nacional da Cultura e das Comunidades assinalada a 18 de outubro, tem [&hellip;]<\/p>\n","protected":false},"featured_media":5389,"template":"","meta":[],"tags":[],"class_list":["post-5387","noticias","type-noticias","status-publish","has-post-thumbnail","hentry"],"_links":{"self":[{"href":"https:\/\/ipc.cv\/cv\/wp-json\/wp\/v2\/noticias\/5387","targetHints":{"allow":["GET"]}}],"collection":[{"href":"https:\/\/ipc.cv\/cv\/wp-json\/wp\/v2\/noticias"}],"about":[{"href":"https:\/\/ipc.cv\/cv\/wp-json\/wp\/v2\/types\/noticias"}],"wp:featuredmedia":[{"embeddable":true,"href":"https:\/\/ipc.cv\/cv\/wp-json\/wp\/v2\/media\/5389"}],"wp:attachment":[{"href":"https:\/\/ipc.cv\/cv\/wp-json\/wp\/v2\/media?parent=5387"}],"wp:term":[{"taxonomy":"post_tag","embeddable":true,"href":"https:\/\/ipc.cv\/cv\/wp-json\/wp\/v2\/tags?post=5387"}],"curies":[{"name":"wp","href":"https:\/\/api.w.org\/{rel}","templated":true}]}}