{"id":4772,"date":"2021-07-20T17:03:00","date_gmt":"2021-07-20T18:03:00","guid":{"rendered":"https:\/\/ipc.cv\/?post_type=noticias&#038;p=4772"},"modified":"2021-07-29T15:24:32","modified_gmt":"2021-07-29T16:24:32","slug":"concurso-para-exploracao-da-infraestrutura-da-cidade-velha-patrimonio-mundial-quiosque-de-informacao-turistica","status":"publish","type":"noticias","link":"https:\/\/ipc.cv\/cv\/noticias\/concurso-para-exploracao-da-infraestrutura-da-cidade-velha-patrimonio-mundial-quiosque-de-informacao-turistica\/","title":{"rendered":"Concurso para Explora\u00e7\u00e3o da infraestrutura da Cidade Velha, Patrim\u00f3nio Mundial \u2013 Quiosque de informa\u00e7\u00e3o tur\u00edstica"},"content":{"rendered":"<p><\/p>\n\n\n\n<p>O Instituto do Patrim\u00f3nio Cultural anuncia que est\u00e1 aberto o concurso para a explora\u00e7\u00e3o do \u201cQuiosque de Informa\u00e7\u00e3o Tur\u00edstica\u201d sito na Cidade Velha, Patrim\u00f3nio Mundial.<br><\/p>\n\n\n\n<p>O Concurso destina-se aos empres\u00e1rios, comerciantes, operadores tur\u00edsticos e todos os residentes do s\u00edtio hist\u00f3rico que estejam interessados.<br><\/p>\n\n\n\n<p>Para mais informa\u00e7\u00f5es consulte a nossa p\u00e1gina do Facebook: Instituto do Patrim\u00f3nio Cultural. <br><\/p>\n\n\n\n<figure class=\"wp-block-embed is-type-rich is-provider-flickr wp-block-embed-flickr\"><div class=\"wp-block-embed__wrapper\">\n<a data-flickr-embed='true' href='https:\/\/www.flickr.com\/photos\/156077385@N07\/albums\/72157719592055699' title='Quiosque de informa\u00e7\u00e3o tur\u00edstica by Instituto de Patrim\u00f3nio Cultural, on Flickr'><img src='https:\/\/live.staticflickr.com\/65535\/51336265783_0eccb9b705_c.jpg' width='800' height='600' alt='Gest\u00e3o turistica CV 1'><\/a><script async src='https:\/\/embedr.flickr.com\/assets\/client-code.js' charset='utf-8'><\/script>\n<\/div><\/figure>","protected":false},"excerpt":{"rendered":"<p>O Instituto do Patrim\u00f3nio Cultural anuncia que est\u00e1 aberto o concurso para a explora\u00e7\u00e3o do \u201cQuiosque de Informa\u00e7\u00e3o Tur\u00edstica\u201d sito na Cidade Velha, Patrim\u00f3nio Mundial. O Concurso destina-se aos empres\u00e1rios, comerciantes, operadores tur\u00edsticos e todos os residentes do s\u00edtio hist\u00f3rico que estejam interessados. Para mais informa\u00e7\u00f5es consulte a nossa p\u00e1gina do Facebook: Instituto do Patrim\u00f3nio [&hellip;]<\/p>\n","protected":false},"featured_media":5053,"template":"","meta":[],"tags":[],"class_list":["post-4772","noticias","type-noticias","status-publish","has-post-thumbnail","hentry"],"_links":{"self":[{"href":"https:\/\/ipc.cv\/cv\/wp-json\/wp\/v2\/noticias\/4772","targetHints":{"allow":["GET"]}}],"collection":[{"href":"https:\/\/ipc.cv\/cv\/wp-json\/wp\/v2\/noticias"}],"about":[{"href":"https:\/\/ipc.cv\/cv\/wp-json\/wp\/v2\/types\/noticias"}],"wp:featuredmedia":[{"embeddable":true,"href":"https:\/\/ipc.cv\/cv\/wp-json\/wp\/v2\/media\/5053"}],"wp:attachment":[{"href":"https:\/\/ipc.cv\/cv\/wp-json\/wp\/v2\/media?parent=4772"}],"wp:term":[{"taxonomy":"post_tag","embeddable":true,"href":"https:\/\/ipc.cv\/cv\/wp-json\/wp\/v2\/tags?post=4772"}],"curies":[{"name":"wp","href":"https:\/\/api.w.org\/{rel}","templated":true}]}}