{"id":17947,"date":"2025-09-15T16:02:58","date_gmt":"2025-09-15T17:02:58","guid":{"rendered":"https:\/\/ipc.cv\/?post_type=noticias&#038;p=17947"},"modified":"2025-09-22T16:03:59","modified_gmt":"2025-09-22T17:03:59","slug":"formacao-especializada-para-guias-culturais-inicia-se-no-ambito-do-projeto-farois-historicos-de-cabo-verde","status":"publish","type":"noticias","link":"https:\/\/ipc.cv\/cv\/noticias\/formacao-especializada-para-guias-culturais-inicia-se-no-ambito-do-projeto-farois-historicos-de-cabo-verde\/","title":{"rendered":"Forma\u00e7\u00e3o especializada para guias culturais inicia-se no \u00e2mbito do projeto Far\u00f3is Hist\u00f3ricos de Cabo Verde"},"content":{"rendered":"<p><a><\/a>Promovida pelo Instituto do Patrim\u00f3nio Cultural em parceria com o Instituto do Turismo de Cabo Verde e a Ag\u00eancia Espanhola de Coopera\u00e7\u00e3o Internacional para o Desenvolvimento (AECID), a Forma\u00e7\u00e3o Guias do Patrim\u00f3nio decorre at\u00e9 24 de Setembro. A iniciativa visa refor\u00e7ar a capacita\u00e7\u00e3o t\u00e9cnica e cient\u00edfica dos profissionais respons\u00e1veis pela media\u00e7\u00e3o cultural e pela condu\u00e7\u00e3o de visitas guiadas em contextos tur\u00edsticos contribuindo para a valoriza\u00e7\u00e3o e preserva\u00e7\u00e3o do legado hist\u00f3rico e cultural do pa\u00eds.<\/p>\n\n\n\n<p>Com uma carga hor\u00e1ria de 36 horas, a forma\u00e7\u00e3o combina componentes te\u00f3ricas, oficinas pr\u00e1ticas e visitas t\u00e9cnicas a locais de elevado valor hist\u00f3rico e simb\u00f3lico, entre os quais se destacam a Cidade Velha, o Campo de Concentra\u00e7\u00e3o do Tarrafal e os far\u00f3is hist\u00f3ricos. A abordagem formativa contempla conte\u00fados como t\u00e9cnicas de interpreta\u00e7\u00e3o e media\u00e7\u00e3o cultural, pr\u00e1ticas de roteiriza\u00e7\u00e3o e experi\u00eancias criativas, procurando articular conhecimento cient\u00edfico com a realidade pr\u00e1tica do turismo cultural.<\/p>\n\n\n\n<figure class=\"wp-block-gallery has-nested-images columns-default is-cropped wp-block-gallery-1 is-layout-flex wp-block-gallery-is-layout-flex\">\n<figure class=\"wp-block-image size-large\"><img fetchpriority=\"high\" decoding=\"async\" width=\"1024\" height=\"683\" data-id=\"17950\" src=\"https:\/\/ipc.cv\/wp-content\/uploads\/2025\/09\/548309753_1244822157685552_4946726219787070438_n-1024x683.jpg\" alt=\"\" class=\"wp-image-17950\" srcset=\"https:\/\/ipc.cv\/wp-content\/uploads\/2025\/09\/548309753_1244822157685552_4946726219787070438_n-1024x683.jpg 1024w, https:\/\/ipc.cv\/wp-content\/uploads\/2025\/09\/548309753_1244822157685552_4946726219787070438_n-300x200.jpg 300w, https:\/\/ipc.cv\/wp-content\/uploads\/2025\/09\/548309753_1244822157685552_4946726219787070438_n-768x512.jpg 768w, https:\/\/ipc.cv\/wp-content\/uploads\/2025\/09\/548309753_1244822157685552_4946726219787070438_n-1536x1024.jpg 1536w, https:\/\/ipc.cv\/wp-content\/uploads\/2025\/09\/548309753_1244822157685552_4946726219787070438_n-18x12.jpg 18w, https:\/\/ipc.cv\/wp-content\/uploads\/2025\/09\/548309753_1244822157685552_4946726219787070438_n.jpg 1600w\" sizes=\"(max-width: 1024px) 100vw, 1024px\" \/><\/figure>\n\n\n\n<figure class=\"wp-block-image size-large\"><img decoding=\"async\" width=\"1024\" height=\"682\" data-id=\"17951\" src=\"https:\/\/ipc.cv\/wp-content\/uploads\/2025\/09\/546167187_1244822357685532_7426334823982197913_n-1024x682.jpg\" alt=\"\" class=\"wp-image-17951\" srcset=\"https:\/\/ipc.cv\/wp-content\/uploads\/2025\/09\/546167187_1244822357685532_7426334823982197913_n-1024x682.jpg 1024w, https:\/\/ipc.cv\/wp-content\/uploads\/2025\/09\/546167187_1244822357685532_7426334823982197913_n-300x200.jpg 300w, https:\/\/ipc.cv\/wp-content\/uploads\/2025\/09\/546167187_1244822357685532_7426334823982197913_n-768x512.jpg 768w, https:\/\/ipc.cv\/wp-content\/uploads\/2025\/09\/546167187_1244822357685532_7426334823982197913_n-1536x1023.jpg 1536w, https:\/\/ipc.cv\/wp-content\/uploads\/2025\/09\/546167187_1244822357685532_7426334823982197913_n-18x12.jpg 18w, https:\/\/ipc.cv\/wp-content\/uploads\/2025\/09\/546167187_1244822357685532_7426334823982197913_n.jpg 1600w\" sizes=\"(max-width: 1024px) 100vw, 1024px\" \/><\/figure>\n\n\n\n<figure class=\"wp-block-image size-large\"><img decoding=\"async\" width=\"1024\" height=\"682\" data-id=\"17949\" src=\"https:\/\/ipc.cv\/wp-content\/uploads\/2025\/09\/549932121_1244822304352204_1165097195304526239_n-1024x682.jpg\" alt=\"\" class=\"wp-image-17949\" srcset=\"https:\/\/ipc.cv\/wp-content\/uploads\/2025\/09\/549932121_1244822304352204_1165097195304526239_n-1024x682.jpg 1024w, https:\/\/ipc.cv\/wp-content\/uploads\/2025\/09\/549932121_1244822304352204_1165097195304526239_n-300x200.jpg 300w, https:\/\/ipc.cv\/wp-content\/uploads\/2025\/09\/549932121_1244822304352204_1165097195304526239_n-768x512.jpg 768w, https:\/\/ipc.cv\/wp-content\/uploads\/2025\/09\/549932121_1244822304352204_1165097195304526239_n-1536x1023.jpg 1536w, https:\/\/ipc.cv\/wp-content\/uploads\/2025\/09\/549932121_1244822304352204_1165097195304526239_n-18x12.jpg 18w, https:\/\/ipc.cv\/wp-content\/uploads\/2025\/09\/549932121_1244822304352204_1165097195304526239_n.jpg 1600w\" sizes=\"(max-width: 1024px) 100vw, 1024px\" \/><\/figure>\n<\/figure>\n\n\n\n<p>A a\u00e7\u00e3o sublinha o papel estrat\u00e9gico dos guias na valoriza\u00e7\u00e3o do patrim\u00f3nio cultural e na constru\u00e7\u00e3o de narrativas interpretativas capazes de enriquecer a experi\u00eancia dos visitantes. As atividades decorrem no audit\u00f3rio do Instituto Arquivo Nacional de Cabo Verde, reunindo participantes num espa\u00e7o de aprendizagem e de valoriza\u00e7\u00e3o conjunta do patrim\u00f3nio nacional.<\/p>","protected":false},"excerpt":{"rendered":"<p>Promovida pelo Instituto do Patrim\u00f3nio Cultural em parceria com o Instituto do Turismo de Cabo Verde e a Ag\u00eancia Espanhola de Coopera\u00e7\u00e3o Internacional para o Desenvolvimento (AECID), a Forma\u00e7\u00e3o Guias do Patrim\u00f3nio decorre at\u00e9 24 de Setembro. A iniciativa visa refor\u00e7ar a capacita\u00e7\u00e3o t\u00e9cnica e cient\u00edfica dos profissionais respons\u00e1veis pela media\u00e7\u00e3o cultural e pela condu\u00e7\u00e3o [&hellip;]<\/p>\n","protected":false},"featured_media":17948,"template":"","meta":[],"tags":[],"class_list":["post-17947","noticias","type-noticias","status-publish","has-post-thumbnail","hentry"],"_links":{"self":[{"href":"https:\/\/ipc.cv\/cv\/wp-json\/wp\/v2\/noticias\/17947","targetHints":{"allow":["GET"]}}],"collection":[{"href":"https:\/\/ipc.cv\/cv\/wp-json\/wp\/v2\/noticias"}],"about":[{"href":"https:\/\/ipc.cv\/cv\/wp-json\/wp\/v2\/types\/noticias"}],"wp:featuredmedia":[{"embeddable":true,"href":"https:\/\/ipc.cv\/cv\/wp-json\/wp\/v2\/media\/17948"}],"wp:attachment":[{"href":"https:\/\/ipc.cv\/cv\/wp-json\/wp\/v2\/media?parent=17947"}],"wp:term":[{"taxonomy":"post_tag","embeddable":true,"href":"https:\/\/ipc.cv\/cv\/wp-json\/wp\/v2\/tags?post=17947"}],"curies":[{"name":"wp","href":"https:\/\/api.w.org\/{rel}","templated":true}]}}