{"id":17942,"date":"2025-09-11T16:00:38","date_gmt":"2025-09-11T17:00:38","guid":{"rendered":"https:\/\/ipc.cv\/?post_type=noticias&#038;p=17942"},"modified":"2025-09-22T16:01:32","modified_gmt":"2025-09-22T17:01:32","slug":"ipc-apresenta-projecto-de-turismo-cultural-em-serra-malagueta-na-jornada-de-apresentacao-dos-projetos-aprovados-pelo-programa-interreg-mac-2021-2027","status":"publish","type":"noticias","link":"https:\/\/ipc.cv\/cv\/noticias\/ipc-apresenta-projecto-de-turismo-cultural-em-serra-malagueta-na-jornada-de-apresentacao-dos-projetos-aprovados-pelo-programa-interreg-mac-2021-2027\/","title":{"rendered":"IPC Apresenta Projecto de Turismo Cultural em Serra Malagueta na jornada de apresenta\u00e7\u00e3o dos projetos aprovados pelo Programa Interreg MAC 2021-2027"},"content":{"rendered":"<p>O <a><\/a>Instituto do Patrim\u00f3nio Cultural marcou presen\u00e7a na jornada de apresenta\u00e7\u00e3o dos projetos aprovados na primeira convocat\u00f3ria do Programa de Coopera\u00e7\u00e3o Territorial Interreg MAC 2021-2027. Este encontro constituiu uma plataforma de debate e interc\u00e2mbio de experi\u00eancias entre institui\u00e7\u00f5es parceiras da Macaron\u00e9sia e de pa\u00edses africanos beneficiados pelo projeto MAC, promovendo uma reflex\u00e3o sobre as pr\u00e1ticas de conserva\u00e7\u00e3o, valoriza\u00e7\u00e3o e restaura\u00e7\u00e3o do patrim\u00f3nio natural e cultural, num quadro de transi\u00e7\u00e3o verde e azul. O projeto visa a integra\u00e7\u00e3o sustent\u00e1vel de atividades econ\u00f3micas, como o turismo e o setor prim\u00e1rio, nos ecossistemas naturais, assegurando a prote\u00e7\u00e3o da biodiversidade e a valoriza\u00e7\u00e3o das comunidades locais.<\/p>\n\n\n\n<figure class=\"wp-block-gallery has-nested-images columns-default is-cropped wp-block-gallery-1 is-layout-flex wp-block-gallery-is-layout-flex\">\n<figure class=\"wp-block-image size-large\"><img fetchpriority=\"high\" decoding=\"async\" width=\"1024\" height=\"768\" data-id=\"17945\" src=\"https:\/\/ipc.cv\/wp-content\/uploads\/2025\/09\/547437072_1241172731383828_1155635743867320801_n-1024x768.jpg\" alt=\"\" class=\"wp-image-17945\" srcset=\"https:\/\/ipc.cv\/wp-content\/uploads\/2025\/09\/547437072_1241172731383828_1155635743867320801_n-1024x768.jpg 1024w, https:\/\/ipc.cv\/wp-content\/uploads\/2025\/09\/547437072_1241172731383828_1155635743867320801_n-300x225.jpg 300w, https:\/\/ipc.cv\/wp-content\/uploads\/2025\/09\/547437072_1241172731383828_1155635743867320801_n-768x576.jpg 768w, https:\/\/ipc.cv\/wp-content\/uploads\/2025\/09\/547437072_1241172731383828_1155635743867320801_n-16x12.jpg 16w, https:\/\/ipc.cv\/wp-content\/uploads\/2025\/09\/547437072_1241172731383828_1155635743867320801_n.jpg 1280w\" sizes=\"(max-width: 1024px) 100vw, 1024px\" \/><\/figure>\n\n\n\n<figure class=\"wp-block-image size-large\"><img decoding=\"async\" width=\"1024\" height=\"768\" data-id=\"17946\" src=\"https:\/\/ipc.cv\/wp-content\/uploads\/2025\/09\/545394355_1241172638050504_5097089414052877477_n-1024x768.jpg\" alt=\"\" class=\"wp-image-17946\" srcset=\"https:\/\/ipc.cv\/wp-content\/uploads\/2025\/09\/545394355_1241172638050504_5097089414052877477_n-1024x768.jpg 1024w, https:\/\/ipc.cv\/wp-content\/uploads\/2025\/09\/545394355_1241172638050504_5097089414052877477_n-300x225.jpg 300w, https:\/\/ipc.cv\/wp-content\/uploads\/2025\/09\/545394355_1241172638050504_5097089414052877477_n-768x576.jpg 768w, https:\/\/ipc.cv\/wp-content\/uploads\/2025\/09\/545394355_1241172638050504_5097089414052877477_n-16x12.jpg 16w, https:\/\/ipc.cv\/wp-content\/uploads\/2025\/09\/545394355_1241172638050504_5097089414052877477_n.jpg 1280w\" sizes=\"(max-width: 1024px) 100vw, 1024px\" \/><\/figure>\n\n\n\n<figure class=\"wp-block-image size-large\"><img decoding=\"async\" width=\"1024\" height=\"768\" data-id=\"17944\" src=\"https:\/\/ipc.cv\/wp-content\/uploads\/2025\/09\/547268650_1241172738050494_1500879944504544373_n-1024x768.jpg\" alt=\"\" class=\"wp-image-17944\" srcset=\"https:\/\/ipc.cv\/wp-content\/uploads\/2025\/09\/547268650_1241172738050494_1500879944504544373_n-1024x768.jpg 1024w, https:\/\/ipc.cv\/wp-content\/uploads\/2025\/09\/547268650_1241172738050494_1500879944504544373_n-300x225.jpg 300w, https:\/\/ipc.cv\/wp-content\/uploads\/2025\/09\/547268650_1241172738050494_1500879944504544373_n-768x576.jpg 768w, https:\/\/ipc.cv\/wp-content\/uploads\/2025\/09\/547268650_1241172738050494_1500879944504544373_n-16x12.jpg 16w, https:\/\/ipc.cv\/wp-content\/uploads\/2025\/09\/547268650_1241172738050494_1500879944504544373_n.jpg 1280w\" sizes=\"(max-width: 1024px) 100vw, 1024px\" \/><\/figure>\n<\/figure>\n\n\n\n<p>Enquanto parceiro cabo-verdiano do projeto RENATURMAC, o IPC apresentou o Projeto de Turismo Cultural em Serra Malagueta que beneficia mulheres chefes de fam\u00edlia da comunidade de varanda no desenvolvimento de atividades ligadas ao turismo, a melhoria das infraestruturas de interpreta\u00e7\u00e3o, A\u00e7\u00f5es de forma\u00e7\u00e3o e sensibiliza\u00e7\u00e3o, sinaliza\u00e7\u00e3o e servi\u00e7os, criando oportunidades de neg\u00f3cios para a comunidades atrav\u00e9s do aproveitamento sustent\u00e1vel dos recursos do parque e sua integra\u00e7\u00e3o com a cultura as tradi\u00e7\u00f5es e o saber-fazer local. Isto atrav\u00e9s da cria\u00e7\u00e3o de um novo roteiro cultural que percorre a Ribeira de S\u00e3o Miguel e atravessa o parque natural de serra Malagueta, passando pela comunidade de varanda que est\u00e1 na envolvente do parque. Com vista a ampliar os impactos e sustentabilidade do projecto o IPC j\u00e1 esta em articula\u00e7\u00e3o com parceiros chaves nacionais e com responsabilidades sobre o sector, como a C\u00e2mara Municipal de S\u00e3o Miguel, a Dire\u00e7\u00e3o Nacional do Ambiente, O Instituto do Turismo de Cabo Verde e o Instituto Cabo-verdiano para Igualdade e Equidade do G\u00e9nero.<\/p>\n\n\n\n<p>A participa\u00e7\u00e3o do IPC inscreve-se na sua miss\u00e3o institucional de investiga\u00e7\u00e3o, salvaguarda e promo\u00e7\u00e3o do patrim\u00f3nio cultural e natural, refor\u00e7ando o papel de Cabo Verde na coopera\u00e7\u00e3o cient\u00edfica e t\u00e9cnica internacional. A presen\u00e7a do IPC neste f\u00f3rum internacional reafirma a relev\u00e2ncia do patrim\u00f3nio cultural e natural cabo-verdiano como elemento estrat\u00e9gico para o desenvolvimento sustent\u00e1vel e para a consolida\u00e7\u00e3o de redes de coopera\u00e7\u00e3o transnacional no espa\u00e7o atl\u00e2ntico e macaron\u00e9sio.<\/p>","protected":false},"excerpt":{"rendered":"<p>O Instituto do Patrim\u00f3nio Cultural marcou presen\u00e7a na jornada de apresenta\u00e7\u00e3o dos projetos aprovados na primeira convocat\u00f3ria do Programa de Coopera\u00e7\u00e3o Territorial Interreg MAC 2021-2027. Este encontro constituiu uma plataforma de debate e interc\u00e2mbio de experi\u00eancias entre institui\u00e7\u00f5es parceiras da Macaron\u00e9sia e de pa\u00edses africanos beneficiados pelo projeto MAC, promovendo uma reflex\u00e3o sobre as pr\u00e1ticas [&hellip;]<\/p>\n","protected":false},"featured_media":17943,"template":"","meta":[],"tags":[],"class_list":["post-17942","noticias","type-noticias","status-publish","has-post-thumbnail","hentry"],"_links":{"self":[{"href":"https:\/\/ipc.cv\/cv\/wp-json\/wp\/v2\/noticias\/17942","targetHints":{"allow":["GET"]}}],"collection":[{"href":"https:\/\/ipc.cv\/cv\/wp-json\/wp\/v2\/noticias"}],"about":[{"href":"https:\/\/ipc.cv\/cv\/wp-json\/wp\/v2\/types\/noticias"}],"wp:featuredmedia":[{"embeddable":true,"href":"https:\/\/ipc.cv\/cv\/wp-json\/wp\/v2\/media\/17943"}],"wp:attachment":[{"href":"https:\/\/ipc.cv\/cv\/wp-json\/wp\/v2\/media?parent=17942"}],"wp:term":[{"taxonomy":"post_tag","embeddable":true,"href":"https:\/\/ipc.cv\/cv\/wp-json\/wp\/v2\/tags?post=17942"}],"curies":[{"name":"wp","href":"https:\/\/api.w.org\/{rel}","templated":true}]}}