{"id":17892,"date":"2025-08-25T15:43:00","date_gmt":"2025-08-25T16:43:00","guid":{"rendered":"https:\/\/ipc.cv\/?post_type=noticias&#038;p=17892"},"modified":"2025-09-22T15:44:44","modified_gmt":"2025-09-22T16:44:44","slug":"cidade-velha-e-campo-de-concentracao-do-tarrafal-recebem-visita-do-presidente-da-camara-municipal-de-loule","status":"publish","type":"noticias","link":"https:\/\/ipc.cv\/cv\/noticias\/cidade-velha-e-campo-de-concentracao-do-tarrafal-recebem-visita-do-presidente-da-camara-municipal-de-loule\/","title":{"rendered":"Cidade Velha e Campo de Concentra\u00e7\u00e3o do Tarrafal recebem visita do presidente da C\u00e2mara Municipal de Loul\u00e9"},"content":{"rendered":"<p><a><\/a>Com uma forte presen\u00e7a da comunidade cabo-verdiana e um rico legado hist\u00f3rico-cultural, Loul\u00e9, cidade do distrito de Faro (Portugal), escolheu homenagear Cabo Verde na 21\u00aa edi\u00e7\u00e3o do Festival Med.<\/p>\n\n\n\n<p>Uma feliz coincid\u00eancia, uma vez que Cabo Verde celebra, em 2025, o 50\u00ba anivers\u00e1rio da sua independ\u00eancia.<\/p>\n\n\n\n<p>Estas celebra\u00e7\u00f5es em Loul\u00e9 contaram com a presen\u00e7a do Ministro da Cultura e das Ind\u00fastrias Criativas, Augusto Veiga, que acolhe, desde ontem (domingo), uma visita de cortesia de uma delega\u00e7\u00e3o da C\u00e2mara Municipal de Loul\u00e9, chefiada pelo presidente V\u00edtor Aleixo.<\/p>\n\n\n\n<p><\/p>\n\n\n\n<figure class=\"wp-block-gallery has-nested-images columns-default is-cropped wp-block-gallery-1 is-layout-flex wp-block-gallery-is-layout-flex\">\n<figure class=\"wp-block-image size-large\"><img fetchpriority=\"high\" decoding=\"async\" width=\"1024\" height=\"683\" data-id=\"17894\" src=\"https:\/\/ipc.cv\/wp-content\/uploads\/2025\/09\/538073410_1198490105656731_3207725362427745769_n-1024x683.jpg\" alt=\"\" class=\"wp-image-17894\" srcset=\"https:\/\/ipc.cv\/wp-content\/uploads\/2025\/09\/538073410_1198490105656731_3207725362427745769_n-1024x683.jpg 1024w, https:\/\/ipc.cv\/wp-content\/uploads\/2025\/09\/538073410_1198490105656731_3207725362427745769_n-300x200.jpg 300w, https:\/\/ipc.cv\/wp-content\/uploads\/2025\/09\/538073410_1198490105656731_3207725362427745769_n-768x512.jpg 768w, https:\/\/ipc.cv\/wp-content\/uploads\/2025\/09\/538073410_1198490105656731_3207725362427745769_n-1536x1024.jpg 1536w, https:\/\/ipc.cv\/wp-content\/uploads\/2025\/09\/538073410_1198490105656731_3207725362427745769_n-18x12.jpg 18w, https:\/\/ipc.cv\/wp-content\/uploads\/2025\/09\/538073410_1198490105656731_3207725362427745769_n.jpg 2048w\" sizes=\"(max-width: 1024px) 100vw, 1024px\" \/><\/figure>\n\n\n\n<figure class=\"wp-block-image size-large\"><img decoding=\"async\" width=\"1024\" height=\"683\" data-id=\"17895\" src=\"https:\/\/ipc.cv\/wp-content\/uploads\/2025\/09\/538904696_1198489665656775_7540015437117768392_n-1024x683.jpg\" alt=\"\" class=\"wp-image-17895\" srcset=\"https:\/\/ipc.cv\/wp-content\/uploads\/2025\/09\/538904696_1198489665656775_7540015437117768392_n-1024x683.jpg 1024w, https:\/\/ipc.cv\/wp-content\/uploads\/2025\/09\/538904696_1198489665656775_7540015437117768392_n-300x200.jpg 300w, https:\/\/ipc.cv\/wp-content\/uploads\/2025\/09\/538904696_1198489665656775_7540015437117768392_n-768x512.jpg 768w, https:\/\/ipc.cv\/wp-content\/uploads\/2025\/09\/538904696_1198489665656775_7540015437117768392_n-1536x1024.jpg 1536w, https:\/\/ipc.cv\/wp-content\/uploads\/2025\/09\/538904696_1198489665656775_7540015437117768392_n-18x12.jpg 18w, https:\/\/ipc.cv\/wp-content\/uploads\/2025\/09\/538904696_1198489665656775_7540015437117768392_n.jpg 2048w\" sizes=\"(max-width: 1024px) 100vw, 1024px\" \/><\/figure>\n\n\n\n<figure class=\"wp-block-image size-large\"><img decoding=\"async\" width=\"1024\" height=\"683\" data-id=\"17896\" src=\"https:\/\/ipc.cv\/wp-content\/uploads\/2025\/09\/538260284_1198489588990116_3532030922075017587_n-1024x683.jpg\" alt=\"\" class=\"wp-image-17896\" srcset=\"https:\/\/ipc.cv\/wp-content\/uploads\/2025\/09\/538260284_1198489588990116_3532030922075017587_n-1024x683.jpg 1024w, https:\/\/ipc.cv\/wp-content\/uploads\/2025\/09\/538260284_1198489588990116_3532030922075017587_n-300x200.jpg 300w, https:\/\/ipc.cv\/wp-content\/uploads\/2025\/09\/538260284_1198489588990116_3532030922075017587_n-768x512.jpg 768w, https:\/\/ipc.cv\/wp-content\/uploads\/2025\/09\/538260284_1198489588990116_3532030922075017587_n-1536x1024.jpg 1536w, https:\/\/ipc.cv\/wp-content\/uploads\/2025\/09\/538260284_1198489588990116_3532030922075017587_n-18x12.jpg 18w, https:\/\/ipc.cv\/wp-content\/uploads\/2025\/09\/538260284_1198489588990116_3532030922075017587_n.jpg 2048w\" sizes=\"(max-width: 1024px) 100vw, 1024px\" \/><\/figure>\n<\/figure>\n\n\n\n<p>Por ser uma cidade historicamente rica em termos patrimoniais, a delega\u00e7\u00e3o visitou a Cidade Velha \u2013 ber\u00e7o da na\u00e7\u00e3o cabo-verdiana, s\u00edtio hist\u00f3rico e Patrim\u00f3nio Mundial da UNESCO.<\/p>\n\n\n\n<p>O presidente e a sua equipa tiveram oportunidade de apreciar a riqueza hist\u00f3rica do local e de constatar o trabalho que o Estado de Cabo Verde tem desenvolvido para a sua valoriza\u00e7\u00e3o e preserva\u00e7\u00e3o.<\/p>\n\n\n\n<p>Na Cidade Velha, acompanhados pelo Ministro da Cultura e das Ind\u00fastrias Criativas, Augusto Veiga, pela presidente do Instituto do Patrim\u00f3nio Cultural e pelo presidente da C\u00e2mara Municipal da Ribeira Grande de Santiago, Nelson Moreira, visitaram o Forte Real de S\u00e3o Filipe, as obras do Complexo da Miseric\u00f3rdia, a Rua da Banana, a Igreja de Nossa Senhora do Ros\u00e1rio e o Pelourinho.<\/p>\n\n\n\n<p>De seguida, foi a vez de conhecer o Campo de Concentra\u00e7\u00e3o do Tarrafal \u2013 o \u201cCampo da Morte Lenta\u201d.<\/p>\n\n\n\n<p>Foi a primeira vez que o presidente da C\u00e2mara Municipal de Loul\u00e9 esteve neste patrim\u00f3nio de Cabo Verde e ficou impressionado ao ver e ouvir, de perto, realidades que at\u00e9 ent\u00e3o conhecia apenas atrav\u00e9s de relatos e livros.<\/p>\n\n\n\n<figure class=\"wp-block-gallery has-nested-images columns-default is-cropped wp-block-gallery-2 is-layout-flex wp-block-gallery-is-layout-flex\">\n<figure class=\"wp-block-image size-large\"><img loading=\"lazy\" decoding=\"async\" width=\"1024\" height=\"683\" data-id=\"17898\" src=\"https:\/\/ipc.cv\/wp-content\/uploads\/2025\/09\/538496427_1198489515656790_8992732547972784054_n-1024x683.jpg\" alt=\"\" class=\"wp-image-17898\" srcset=\"https:\/\/ipc.cv\/wp-content\/uploads\/2025\/09\/538496427_1198489515656790_8992732547972784054_n-1024x683.jpg 1024w, https:\/\/ipc.cv\/wp-content\/uploads\/2025\/09\/538496427_1198489515656790_8992732547972784054_n-300x200.jpg 300w, https:\/\/ipc.cv\/wp-content\/uploads\/2025\/09\/538496427_1198489515656790_8992732547972784054_n-768x512.jpg 768w, https:\/\/ipc.cv\/wp-content\/uploads\/2025\/09\/538496427_1198489515656790_8992732547972784054_n-1536x1024.jpg 1536w, https:\/\/ipc.cv\/wp-content\/uploads\/2025\/09\/538496427_1198489515656790_8992732547972784054_n-18x12.jpg 18w, https:\/\/ipc.cv\/wp-content\/uploads\/2025\/09\/538496427_1198489515656790_8992732547972784054_n.jpg 2048w\" sizes=\"(max-width: 1024px) 100vw, 1024px\" \/><\/figure>\n\n\n\n<figure class=\"wp-block-image size-large\"><img loading=\"lazy\" decoding=\"async\" width=\"1024\" height=\"683\" data-id=\"17897\" src=\"https:\/\/ipc.cv\/wp-content\/uploads\/2025\/09\/536279392_1198489365656805_4520948156611174179_n-1024x683.jpg\" alt=\"\" class=\"wp-image-17897\" srcset=\"https:\/\/ipc.cv\/wp-content\/uploads\/2025\/09\/536279392_1198489365656805_4520948156611174179_n-1024x683.jpg 1024w, https:\/\/ipc.cv\/wp-content\/uploads\/2025\/09\/536279392_1198489365656805_4520948156611174179_n-300x200.jpg 300w, https:\/\/ipc.cv\/wp-content\/uploads\/2025\/09\/536279392_1198489365656805_4520948156611174179_n-768x512.jpg 768w, https:\/\/ipc.cv\/wp-content\/uploads\/2025\/09\/536279392_1198489365656805_4520948156611174179_n-1536x1024.jpg 1536w, https:\/\/ipc.cv\/wp-content\/uploads\/2025\/09\/536279392_1198489365656805_4520948156611174179_n-18x12.jpg 18w, https:\/\/ipc.cv\/wp-content\/uploads\/2025\/09\/536279392_1198489365656805_4520948156611174179_n.jpg 2048w\" sizes=\"(max-width: 1024px) 100vw, 1024px\" \/><\/figure>\n<\/figure>","protected":false},"excerpt":{"rendered":"<p>Com uma forte presen\u00e7a da comunidade cabo-verdiana e um rico legado hist\u00f3rico-cultural, Loul\u00e9, cidade do distrito de Faro (Portugal), escolheu homenagear Cabo Verde na 21\u00aa edi\u00e7\u00e3o do Festival Med. Uma feliz coincid\u00eancia, uma vez que Cabo Verde celebra, em 2025, o 50\u00ba anivers\u00e1rio da sua independ\u00eancia. Estas celebra\u00e7\u00f5es em Loul\u00e9 contaram com a presen\u00e7a do [&hellip;]<\/p>\n","protected":false},"featured_media":17893,"template":"","meta":[],"tags":[],"class_list":["post-17892","noticias","type-noticias","status-publish","has-post-thumbnail","hentry"],"_links":{"self":[{"href":"https:\/\/ipc.cv\/cv\/wp-json\/wp\/v2\/noticias\/17892","targetHints":{"allow":["GET"]}}],"collection":[{"href":"https:\/\/ipc.cv\/cv\/wp-json\/wp\/v2\/noticias"}],"about":[{"href":"https:\/\/ipc.cv\/cv\/wp-json\/wp\/v2\/types\/noticias"}],"wp:featuredmedia":[{"embeddable":true,"href":"https:\/\/ipc.cv\/cv\/wp-json\/wp\/v2\/media\/17893"}],"wp:attachment":[{"href":"https:\/\/ipc.cv\/cv\/wp-json\/wp\/v2\/media?parent=17892"}],"wp:term":[{"taxonomy":"post_tag","embeddable":true,"href":"https:\/\/ipc.cv\/cv\/wp-json\/wp\/v2\/tags?post=17892"}],"curies":[{"name":"wp","href":"https:\/\/api.w.org\/{rel}","templated":true}]}}