{"id":17882,"date":"2025-08-21T15:39:00","date_gmt":"2025-08-21T16:39:00","guid":{"rendered":"https:\/\/ipc.cv\/?post_type=noticias&#038;p=17882"},"modified":"2025-09-22T15:41:08","modified_gmt":"2025-09-22T16:41:08","slug":"identificados-vestigios-arqueologicos-na-obra-de-reabilitacao-da-igreja-de-sao-roque-rabil-boa-vista","status":"publish","type":"noticias","link":"https:\/\/ipc.cv\/cv\/noticias\/identificados-vestigios-arqueologicos-na-obra-de-reabilitacao-da-igreja-de-sao-roque-rabil-boa-vista\/","title":{"rendered":"IDENTIFICADOS VEST\u00cdGIOS ARQUEOL\u00d3GICOS NA OBRA DE REABILITA\u00c7\u00c3O DA IGREJA DE S\u00c3O ROQUE \u2013 RABIL, BOA VISTA"},"content":{"rendered":"<p><a><\/a>No decurso das obras de reabilita\u00e7\u00e3o da Igreja de S\u00e3o Roque, em Rabil, Boa Vista, foram identificados vest\u00edgios arqueol\u00f3gicos associados a enterramentos humanos, pr\u00e1tica comum nos templos cat\u00f3licos de \u00e9pocas anteriores.<\/p>\n\n\n\n<p>A descoberta ocorreu durante a escava\u00e7\u00e3o das valas destinadas \u00e0 instala\u00e7\u00e3o das sapatas que ir\u00e3o sustentar o coro alto da igreja. Face \u00e0 relev\u00e2ncia patrimonial do achado e \u00e0 antiguidade do edif\u00edcio, foi imediatamente assegurado o acompanhamento arqueol\u00f3gico da interven\u00e7\u00e3o, atrav\u00e9s da presen\u00e7a de uma t\u00e9cnica arque\u00f3loga do Instituto do Patrim\u00f3nio Cultural. Entre os procedimentos realizados destacam-se a avalia\u00e7\u00e3o inicial dos vest\u00edgios, o acompanhamento da abertura das restantes valas e a documenta\u00e7\u00e3o rigorosa dos achados.<\/p>\n\n\n\n<figure class=\"wp-block-gallery has-nested-images columns-default is-cropped wp-block-gallery-1 is-layout-flex wp-block-gallery-is-layout-flex\">\n<figure class=\"wp-block-image size-large\"><img fetchpriority=\"high\" decoding=\"async\" width=\"1024\" height=\"683\" data-id=\"17884\" src=\"https:\/\/ipc.cv\/wp-content\/uploads\/2025\/09\/536259303_1223603819807386_4191610448918441969_n-1024x683.jpg\" alt=\"\" class=\"wp-image-17884\" srcset=\"https:\/\/ipc.cv\/wp-content\/uploads\/2025\/09\/536259303_1223603819807386_4191610448918441969_n-1024x683.jpg 1024w, https:\/\/ipc.cv\/wp-content\/uploads\/2025\/09\/536259303_1223603819807386_4191610448918441969_n-300x200.jpg 300w, https:\/\/ipc.cv\/wp-content\/uploads\/2025\/09\/536259303_1223603819807386_4191610448918441969_n-768x512.jpg 768w, https:\/\/ipc.cv\/wp-content\/uploads\/2025\/09\/536259303_1223603819807386_4191610448918441969_n-1536x1024.jpg 1536w, https:\/\/ipc.cv\/wp-content\/uploads\/2025\/09\/536259303_1223603819807386_4191610448918441969_n-18x12.jpg 18w, https:\/\/ipc.cv\/wp-content\/uploads\/2025\/09\/536259303_1223603819807386_4191610448918441969_n.jpg 2048w\" sizes=\"(max-width: 1024px) 100vw, 1024px\" \/><\/figure>\n\n\n\n<figure class=\"wp-block-image size-large\"><img decoding=\"async\" width=\"683\" height=\"1024\" data-id=\"17886\" src=\"https:\/\/ipc.cv\/wp-content\/uploads\/2025\/09\/536283744_1223604639807304_1398618789431491455_n-683x1024.jpg\" alt=\"\" class=\"wp-image-17886\" srcset=\"https:\/\/ipc.cv\/wp-content\/uploads\/2025\/09\/536283744_1223604639807304_1398618789431491455_n-683x1024.jpg 683w, https:\/\/ipc.cv\/wp-content\/uploads\/2025\/09\/536283744_1223604639807304_1398618789431491455_n-200x300.jpg 200w, https:\/\/ipc.cv\/wp-content\/uploads\/2025\/09\/536283744_1223604639807304_1398618789431491455_n-768x1152.jpg 768w, https:\/\/ipc.cv\/wp-content\/uploads\/2025\/09\/536283744_1223604639807304_1398618789431491455_n-1024x1536.jpg 1024w, https:\/\/ipc.cv\/wp-content\/uploads\/2025\/09\/536283744_1223604639807304_1398618789431491455_n-8x12.jpg 8w, https:\/\/ipc.cv\/wp-content\/uploads\/2025\/09\/536283744_1223604639807304_1398618789431491455_n.jpg 1365w\" sizes=\"(max-width: 683px) 100vw, 683px\" \/><\/figure>\n\n\n\n<figure class=\"wp-block-image size-large\"><img decoding=\"async\" width=\"1024\" height=\"683\" data-id=\"17885\" src=\"https:\/\/ipc.cv\/wp-content\/uploads\/2025\/09\/537698543_1223604029807365_8564186077579962886_n-1024x683.jpg\" alt=\"\" class=\"wp-image-17885\" srcset=\"https:\/\/ipc.cv\/wp-content\/uploads\/2025\/09\/537698543_1223604029807365_8564186077579962886_n-1024x683.jpg 1024w, https:\/\/ipc.cv\/wp-content\/uploads\/2025\/09\/537698543_1223604029807365_8564186077579962886_n-300x200.jpg 300w, https:\/\/ipc.cv\/wp-content\/uploads\/2025\/09\/537698543_1223604029807365_8564186077579962886_n-768x512.jpg 768w, https:\/\/ipc.cv\/wp-content\/uploads\/2025\/09\/537698543_1223604029807365_8564186077579962886_n-1536x1024.jpg 1536w, https:\/\/ipc.cv\/wp-content\/uploads\/2025\/09\/537698543_1223604029807365_8564186077579962886_n-18x12.jpg 18w, https:\/\/ipc.cv\/wp-content\/uploads\/2025\/09\/537698543_1223604029807365_8564186077579962886_n.jpg 2048w\" sizes=\"(max-width: 1024px) 100vw, 1024px\" \/><\/figure>\n<\/figure>\n\n\n\n<p>A obra de reabilita\u00e7\u00e3o da Igreja de S\u00e3o Roque iniciou-se nos finais de janeiro, com conclus\u00e3o prevista ainda para este ano, representando um investimento de 33.000.000$00. O projeto integra o Programa de Reabilita\u00e7\u00e3o, Requalifica\u00e7\u00e3o e Acessibilidades (PRRA), no seu Eixo IV \u2013 Valoriza\u00e7\u00e3o do Patrim\u00f3nio Hist\u00f3rico, Cultural e Religioso, sendo financiado pelo Governo de Cabo Verde e coordenado pelo Instituto do Patrim\u00f3nio Cultural em parceria com a Infraestruturas de Cabo Verde, numa a\u00e7\u00e3o estruturante de preserva\u00e7\u00e3o e valoriza\u00e7\u00e3o do patrim\u00f3nio religioso e hist\u00f3rico nacional.<\/p>\n\n\n\n<figure class=\"wp-block-gallery has-nested-images columns-default is-cropped wp-block-gallery-2 is-layout-flex wp-block-gallery-is-layout-flex\">\n<figure class=\"wp-block-image size-large\"><img loading=\"lazy\" decoding=\"async\" width=\"683\" height=\"1024\" data-id=\"17888\" src=\"https:\/\/ipc.cv\/wp-content\/uploads\/2025\/09\/537415491_1223604099807358_8842552594782044947_n-683x1024.jpg\" alt=\"\" class=\"wp-image-17888\" srcset=\"https:\/\/ipc.cv\/wp-content\/uploads\/2025\/09\/537415491_1223604099807358_8842552594782044947_n-683x1024.jpg 683w, https:\/\/ipc.cv\/wp-content\/uploads\/2025\/09\/537415491_1223604099807358_8842552594782044947_n-200x300.jpg 200w, https:\/\/ipc.cv\/wp-content\/uploads\/2025\/09\/537415491_1223604099807358_8842552594782044947_n-768x1152.jpg 768w, https:\/\/ipc.cv\/wp-content\/uploads\/2025\/09\/537415491_1223604099807358_8842552594782044947_n-1024x1536.jpg 1024w, https:\/\/ipc.cv\/wp-content\/uploads\/2025\/09\/537415491_1223604099807358_8842552594782044947_n-8x12.jpg 8w, https:\/\/ipc.cv\/wp-content\/uploads\/2025\/09\/537415491_1223604099807358_8842552594782044947_n.jpg 1365w\" sizes=\"(max-width: 683px) 100vw, 683px\" \/><\/figure>\n\n\n\n<figure class=\"wp-block-image size-large\"><img loading=\"lazy\" decoding=\"async\" width=\"1024\" height=\"683\" data-id=\"17889\" src=\"https:\/\/ipc.cv\/wp-content\/uploads\/2025\/09\/536819395_1223604173140684_601456446324032619_n-1024x683.jpg\" alt=\"\" class=\"wp-image-17889\" srcset=\"https:\/\/ipc.cv\/wp-content\/uploads\/2025\/09\/536819395_1223604173140684_601456446324032619_n-1024x683.jpg 1024w, https:\/\/ipc.cv\/wp-content\/uploads\/2025\/09\/536819395_1223604173140684_601456446324032619_n-300x200.jpg 300w, https:\/\/ipc.cv\/wp-content\/uploads\/2025\/09\/536819395_1223604173140684_601456446324032619_n-768x512.jpg 768w, https:\/\/ipc.cv\/wp-content\/uploads\/2025\/09\/536819395_1223604173140684_601456446324032619_n-1536x1024.jpg 1536w, https:\/\/ipc.cv\/wp-content\/uploads\/2025\/09\/536819395_1223604173140684_601456446324032619_n-18x12.jpg 18w, https:\/\/ipc.cv\/wp-content\/uploads\/2025\/09\/536819395_1223604173140684_601456446324032619_n.jpg 2048w\" sizes=\"(max-width: 1024px) 100vw, 1024px\" \/><\/figure>\n\n\n\n<figure class=\"wp-block-image size-large\"><img loading=\"lazy\" decoding=\"async\" width=\"1024\" height=\"683\" data-id=\"17890\" src=\"https:\/\/ipc.cv\/wp-content\/uploads\/2025\/09\/535823558_1223604116474023_1094690166153103219_n-1024x683.jpg\" alt=\"\" class=\"wp-image-17890\" srcset=\"https:\/\/ipc.cv\/wp-content\/uploads\/2025\/09\/535823558_1223604116474023_1094690166153103219_n-1024x683.jpg 1024w, https:\/\/ipc.cv\/wp-content\/uploads\/2025\/09\/535823558_1223604116474023_1094690166153103219_n-300x200.jpg 300w, https:\/\/ipc.cv\/wp-content\/uploads\/2025\/09\/535823558_1223604116474023_1094690166153103219_n-768x512.jpg 768w, https:\/\/ipc.cv\/wp-content\/uploads\/2025\/09\/535823558_1223604116474023_1094690166153103219_n-1536x1024.jpg 1536w, https:\/\/ipc.cv\/wp-content\/uploads\/2025\/09\/535823558_1223604116474023_1094690166153103219_n-18x12.jpg 18w, https:\/\/ipc.cv\/wp-content\/uploads\/2025\/09\/535823558_1223604116474023_1094690166153103219_n.jpg 2048w\" sizes=\"(max-width: 1024px) 100vw, 1024px\" \/><\/figure>\n\n\n\n<figure class=\"wp-block-image size-large\"><img loading=\"lazy\" decoding=\"async\" width=\"1024\" height=\"683\" data-id=\"17887\" src=\"https:\/\/ipc.cv\/wp-content\/uploads\/2025\/09\/536568086_1223603999807368_5752133297509535502_n-1024x683.jpg\" alt=\"\" class=\"wp-image-17887\" srcset=\"https:\/\/ipc.cv\/wp-content\/uploads\/2025\/09\/536568086_1223603999807368_5752133297509535502_n-1024x683.jpg 1024w, https:\/\/ipc.cv\/wp-content\/uploads\/2025\/09\/536568086_1223603999807368_5752133297509535502_n-300x200.jpg 300w, https:\/\/ipc.cv\/wp-content\/uploads\/2025\/09\/536568086_1223603999807368_5752133297509535502_n-768x512.jpg 768w, https:\/\/ipc.cv\/wp-content\/uploads\/2025\/09\/536568086_1223603999807368_5752133297509535502_n-1536x1024.jpg 1536w, https:\/\/ipc.cv\/wp-content\/uploads\/2025\/09\/536568086_1223603999807368_5752133297509535502_n-18x12.jpg 18w, https:\/\/ipc.cv\/wp-content\/uploads\/2025\/09\/536568086_1223603999807368_5752133297509535502_n.jpg 2048w\" sizes=\"(max-width: 1024px) 100vw, 1024px\" \/><\/figure>\n\n\n\n<figure class=\"wp-block-image size-large\"><img loading=\"lazy\" decoding=\"async\" width=\"1024\" height=\"683\" data-id=\"17891\" src=\"https:\/\/ipc.cv\/wp-content\/uploads\/2025\/09\/536245083_1223604066474028_7270779317241331137_n-1024x683.jpg\" alt=\"\" class=\"wp-image-17891\" srcset=\"https:\/\/ipc.cv\/wp-content\/uploads\/2025\/09\/536245083_1223604066474028_7270779317241331137_n-1024x683.jpg 1024w, https:\/\/ipc.cv\/wp-content\/uploads\/2025\/09\/536245083_1223604066474028_7270779317241331137_n-300x200.jpg 300w, https:\/\/ipc.cv\/wp-content\/uploads\/2025\/09\/536245083_1223604066474028_7270779317241331137_n-768x512.jpg 768w, https:\/\/ipc.cv\/wp-content\/uploads\/2025\/09\/536245083_1223604066474028_7270779317241331137_n-1536x1024.jpg 1536w, https:\/\/ipc.cv\/wp-content\/uploads\/2025\/09\/536245083_1223604066474028_7270779317241331137_n-18x12.jpg 18w, https:\/\/ipc.cv\/wp-content\/uploads\/2025\/09\/536245083_1223604066474028_7270779317241331137_n.jpg 2048w\" sizes=\"(max-width: 1024px) 100vw, 1024px\" \/><\/figure>\n<\/figure>","protected":false},"excerpt":{"rendered":"<p>No decurso das obras de reabilita\u00e7\u00e3o da Igreja de S\u00e3o Roque, em Rabil, Boa Vista, foram identificados vest\u00edgios arqueol\u00f3gicos associados a enterramentos humanos, pr\u00e1tica comum nos templos cat\u00f3licos de \u00e9pocas anteriores. A descoberta ocorreu durante a escava\u00e7\u00e3o das valas destinadas \u00e0 instala\u00e7\u00e3o das sapatas que ir\u00e3o sustentar o coro alto da igreja. Face \u00e0 relev\u00e2ncia [&hellip;]<\/p>\n","protected":false},"featured_media":17883,"template":"","meta":[],"tags":[],"class_list":["post-17882","noticias","type-noticias","status-publish","has-post-thumbnail","hentry"],"_links":{"self":[{"href":"https:\/\/ipc.cv\/cv\/wp-json\/wp\/v2\/noticias\/17882","targetHints":{"allow":["GET"]}}],"collection":[{"href":"https:\/\/ipc.cv\/cv\/wp-json\/wp\/v2\/noticias"}],"about":[{"href":"https:\/\/ipc.cv\/cv\/wp-json\/wp\/v2\/types\/noticias"}],"wp:featuredmedia":[{"embeddable":true,"href":"https:\/\/ipc.cv\/cv\/wp-json\/wp\/v2\/media\/17883"}],"wp:attachment":[{"href":"https:\/\/ipc.cv\/cv\/wp-json\/wp\/v2\/media?parent=17882"}],"wp:term":[{"taxonomy":"post_tag","embeddable":true,"href":"https:\/\/ipc.cv\/cv\/wp-json\/wp\/v2\/tags?post=17882"}],"curies":[{"name":"wp","href":"https:\/\/api.w.org\/{rel}","templated":true}]}}