{"id":17872,"date":"2025-08-07T15:34:00","date_gmt":"2025-08-07T16:34:00","guid":{"rendered":"https:\/\/ipc.cv\/?post_type=noticias&#038;p=17872"},"modified":"2025-09-22T15:36:26","modified_gmt":"2025-09-22T16:36:26","slug":"santa-catarina-de-santiago-ipc-avalia-intervencoes-museologicas-em-curso","status":"publish","type":"noticias","link":"https:\/\/ipc.cv\/cv\/noticias\/santa-catarina-de-santiago-ipc-avalia-intervencoes-museologicas-em-curso\/","title":{"rendered":"Santa Catarina de Santiago-IPC avalia interven\u00e7\u00f5es museol\u00f3gicas em curso"},"content":{"rendered":"<p><\/p>\n\n\n\n<p><a><\/a>Uma equipa t\u00e9cnica do Instituto do Patrim\u00f3nio Cultural realizou uma desloca\u00e7\u00e3o ao munic\u00edpio de Santa Catarina, no \u00e2mbito do acompanhamento dos projetos de reabilita\u00e7\u00e3o em curso. A visita teve in\u00edcio no edif\u00edcio do Museu Norberto Tavares, onde decorrem obras de reabilita\u00e7\u00e3o com vista \u00e0 instala\u00e7\u00e3o de uma exposi\u00e7\u00e3o permanente dedicada \u00e0 vida e obra do m\u00fasico, bem como \u00e0 valoriza\u00e7\u00e3o da m\u00fasica cabo-verdiana. A equipa procedeu \u00e0 verifica\u00e7\u00e3o do estado de execu\u00e7\u00e3o da interven\u00e7\u00e3o, assegurando a conformidade t\u00e9cnica dos trabalhos com os requisitos museogr\u00e1ficos previamente definidos.<\/p>\n\n\n\n<figure class=\"wp-block-gallery has-nested-images columns-default is-cropped wp-block-gallery-1 is-layout-flex wp-block-gallery-is-layout-flex\">\n<figure class=\"wp-block-image size-large\"><img fetchpriority=\"high\" decoding=\"async\" width=\"1024\" height=\"683\" data-id=\"17873\" src=\"https:\/\/ipc.cv\/wp-content\/uploads\/2025\/09\/514347402_1211409891026779_138720060890952523_n-1024x683.jpg\" alt=\"\" class=\"wp-image-17873\" srcset=\"https:\/\/ipc.cv\/wp-content\/uploads\/2025\/09\/514347402_1211409891026779_138720060890952523_n-1024x683.jpg 1024w, https:\/\/ipc.cv\/wp-content\/uploads\/2025\/09\/514347402_1211409891026779_138720060890952523_n-300x200.jpg 300w, https:\/\/ipc.cv\/wp-content\/uploads\/2025\/09\/514347402_1211409891026779_138720060890952523_n-768x512.jpg 768w, https:\/\/ipc.cv\/wp-content\/uploads\/2025\/09\/514347402_1211409891026779_138720060890952523_n-1536x1024.jpg 1536w, https:\/\/ipc.cv\/wp-content\/uploads\/2025\/09\/514347402_1211409891026779_138720060890952523_n-18x12.jpg 18w, https:\/\/ipc.cv\/wp-content\/uploads\/2025\/09\/514347402_1211409891026779_138720060890952523_n.jpg 1600w\" sizes=\"(max-width: 1024px) 100vw, 1024px\" \/><\/figure>\n\n\n\n<figure class=\"wp-block-image size-large\"><img decoding=\"async\" width=\"1024\" height=\"683\" data-id=\"17875\" src=\"https:\/\/ipc.cv\/wp-content\/uploads\/2025\/09\/514285147_1211409871026781_2557695873228504395_n-1024x683.jpg\" alt=\"\" class=\"wp-image-17875\" srcset=\"https:\/\/ipc.cv\/wp-content\/uploads\/2025\/09\/514285147_1211409871026781_2557695873228504395_n-1024x683.jpg 1024w, https:\/\/ipc.cv\/wp-content\/uploads\/2025\/09\/514285147_1211409871026781_2557695873228504395_n-300x200.jpg 300w, https:\/\/ipc.cv\/wp-content\/uploads\/2025\/09\/514285147_1211409871026781_2557695873228504395_n-768x512.jpg 768w, https:\/\/ipc.cv\/wp-content\/uploads\/2025\/09\/514285147_1211409871026781_2557695873228504395_n-1536x1024.jpg 1536w, https:\/\/ipc.cv\/wp-content\/uploads\/2025\/09\/514285147_1211409871026781_2557695873228504395_n-18x12.jpg 18w, https:\/\/ipc.cv\/wp-content\/uploads\/2025\/09\/514285147_1211409871026781_2557695873228504395_n.jpg 1600w\" sizes=\"(max-width: 1024px) 100vw, 1024px\" \/><\/figure>\n\n\n\n<figure class=\"wp-block-image size-large\"><img decoding=\"async\" width=\"1024\" height=\"683\" data-id=\"17874\" src=\"https:\/\/ipc.cv\/wp-content\/uploads\/2025\/09\/528550894_1211408497693585_1529419914531909361_n-1024x683.jpg\" alt=\"\" class=\"wp-image-17874\" srcset=\"https:\/\/ipc.cv\/wp-content\/uploads\/2025\/09\/528550894_1211408497693585_1529419914531909361_n-1024x683.jpg 1024w, https:\/\/ipc.cv\/wp-content\/uploads\/2025\/09\/528550894_1211408497693585_1529419914531909361_n-300x200.jpg 300w, https:\/\/ipc.cv\/wp-content\/uploads\/2025\/09\/528550894_1211408497693585_1529419914531909361_n-768x512.jpg 768w, https:\/\/ipc.cv\/wp-content\/uploads\/2025\/09\/528550894_1211408497693585_1529419914531909361_n-1536x1024.jpg 1536w, https:\/\/ipc.cv\/wp-content\/uploads\/2025\/09\/528550894_1211408497693585_1529419914531909361_n-18x12.jpg 18w, https:\/\/ipc.cv\/wp-content\/uploads\/2025\/09\/528550894_1211408497693585_1529419914531909361_n.jpg 1600w\" sizes=\"(max-width: 1024px) 100vw, 1024px\" \/><\/figure>\n<\/figure>\n\n\n\n<p>Na mesma ocasi\u00e3o, foi realizada uma visita t\u00e9cnica \u00e0 antiga Casa de Morgado, situada na Ribeira dos Engenhos, onde se prev\u00ea a cria\u00e7\u00e3o de um Centro Interpretativo sobre as revoltas sociais ocorridas em Santa Catarina, dando destaque \u00e0 revolta dos Engenhos. A miss\u00e3o incluiu uma reuni\u00e3o com a equipa de fiscaliza\u00e7\u00e3o e empreitada, com o objetivo de identificar e recolher elementos estruturais originais do edif\u00edcio, removidos no decurso da obra, com vista \u00e0 sua reintegra\u00e7\u00e3o na futura exposi\u00e7\u00e3o, conferindo-lhe autenticidade e valor patrimonial.<\/p>\n\n\n\n<figure class=\"wp-block-gallery has-nested-images columns-default is-cropped wp-block-gallery-2 is-layout-flex wp-block-gallery-is-layout-flex\">\n<figure class=\"wp-block-image size-large\"><img loading=\"lazy\" decoding=\"async\" width=\"1024\" height=\"683\" data-id=\"17876\" src=\"https:\/\/ipc.cv\/wp-content\/uploads\/2025\/09\/527331096_1211410961026672_1207388118631151608_n-1024x683.jpg\" alt=\"\" class=\"wp-image-17876\" srcset=\"https:\/\/ipc.cv\/wp-content\/uploads\/2025\/09\/527331096_1211410961026672_1207388118631151608_n-1024x683.jpg 1024w, https:\/\/ipc.cv\/wp-content\/uploads\/2025\/09\/527331096_1211410961026672_1207388118631151608_n-300x200.jpg 300w, https:\/\/ipc.cv\/wp-content\/uploads\/2025\/09\/527331096_1211410961026672_1207388118631151608_n-768x512.jpg 768w, https:\/\/ipc.cv\/wp-content\/uploads\/2025\/09\/527331096_1211410961026672_1207388118631151608_n-1536x1024.jpg 1536w, https:\/\/ipc.cv\/wp-content\/uploads\/2025\/09\/527331096_1211410961026672_1207388118631151608_n-18x12.jpg 18w, https:\/\/ipc.cv\/wp-content\/uploads\/2025\/09\/527331096_1211410961026672_1207388118631151608_n.jpg 1600w\" sizes=\"(max-width: 1024px) 100vw, 1024px\" \/><\/figure>\n\n\n\n<figure class=\"wp-block-image size-large\"><img loading=\"lazy\" decoding=\"async\" width=\"1024\" height=\"683\" data-id=\"17878\" src=\"https:\/\/ipc.cv\/wp-content\/uploads\/2025\/09\/514250390_1211410651026703_2388404396082424127_n-1024x683.jpg\" alt=\"\" class=\"wp-image-17878\" srcset=\"https:\/\/ipc.cv\/wp-content\/uploads\/2025\/09\/514250390_1211410651026703_2388404396082424127_n-1024x683.jpg 1024w, https:\/\/ipc.cv\/wp-content\/uploads\/2025\/09\/514250390_1211410651026703_2388404396082424127_n-300x200.jpg 300w, https:\/\/ipc.cv\/wp-content\/uploads\/2025\/09\/514250390_1211410651026703_2388404396082424127_n-768x512.jpg 768w, https:\/\/ipc.cv\/wp-content\/uploads\/2025\/09\/514250390_1211410651026703_2388404396082424127_n-1536x1024.jpg 1536w, https:\/\/ipc.cv\/wp-content\/uploads\/2025\/09\/514250390_1211410651026703_2388404396082424127_n-18x12.jpg 18w, https:\/\/ipc.cv\/wp-content\/uploads\/2025\/09\/514250390_1211410651026703_2388404396082424127_n.jpg 1600w\" sizes=\"(max-width: 1024px) 100vw, 1024px\" \/><\/figure>\n\n\n\n<figure class=\"wp-block-image size-large\"><img loading=\"lazy\" decoding=\"async\" width=\"1024\" height=\"683\" data-id=\"17877\" src=\"https:\/\/ipc.cv\/wp-content\/uploads\/2025\/09\/527792195_1211410114360090_8159805327836220940_n-1024x683.jpg\" alt=\"\" class=\"wp-image-17877\" srcset=\"https:\/\/ipc.cv\/wp-content\/uploads\/2025\/09\/527792195_1211410114360090_8159805327836220940_n-1024x683.jpg 1024w, https:\/\/ipc.cv\/wp-content\/uploads\/2025\/09\/527792195_1211410114360090_8159805327836220940_n-300x200.jpg 300w, https:\/\/ipc.cv\/wp-content\/uploads\/2025\/09\/527792195_1211410114360090_8159805327836220940_n-768x512.jpg 768w, https:\/\/ipc.cv\/wp-content\/uploads\/2025\/09\/527792195_1211410114360090_8159805327836220940_n-1536x1024.jpg 1536w, https:\/\/ipc.cv\/wp-content\/uploads\/2025\/09\/527792195_1211410114360090_8159805327836220940_n-18x12.jpg 18w, https:\/\/ipc.cv\/wp-content\/uploads\/2025\/09\/527792195_1211410114360090_8159805327836220940_n.jpg 1600w\" sizes=\"(max-width: 1024px) 100vw, 1024px\" \/><\/figure>\n<\/figure>","protected":false},"excerpt":{"rendered":"<p>Uma equipa t\u00e9cnica do Instituto do Patrim\u00f3nio Cultural realizou uma desloca\u00e7\u00e3o ao munic\u00edpio de Santa Catarina, no \u00e2mbito do acompanhamento dos projetos de reabilita\u00e7\u00e3o em curso. A visita teve in\u00edcio no edif\u00edcio do Museu Norberto Tavares, onde decorrem obras de reabilita\u00e7\u00e3o com vista \u00e0 instala\u00e7\u00e3o de uma exposi\u00e7\u00e3o permanente dedicada \u00e0 vida e obra do [&hellip;]<\/p>\n","protected":false},"featured_media":17879,"template":"","meta":[],"tags":[],"class_list":["post-17872","noticias","type-noticias","status-publish","has-post-thumbnail","hentry"],"_links":{"self":[{"href":"https:\/\/ipc.cv\/cv\/wp-json\/wp\/v2\/noticias\/17872","targetHints":{"allow":["GET"]}}],"collection":[{"href":"https:\/\/ipc.cv\/cv\/wp-json\/wp\/v2\/noticias"}],"about":[{"href":"https:\/\/ipc.cv\/cv\/wp-json\/wp\/v2\/types\/noticias"}],"wp:featuredmedia":[{"embeddable":true,"href":"https:\/\/ipc.cv\/cv\/wp-json\/wp\/v2\/media\/17879"}],"wp:attachment":[{"href":"https:\/\/ipc.cv\/cv\/wp-json\/wp\/v2\/media?parent=17872"}],"wp:term":[{"taxonomy":"post_tag","embeddable":true,"href":"https:\/\/ipc.cv\/cv\/wp-json\/wp\/v2\/tags?post=17872"}],"curies":[{"name":"wp","href":"https:\/\/api.w.org\/{rel}","templated":true}]}}