{"id":17870,"date":"2025-08-04T15:31:00","date_gmt":"2025-08-04T16:31:00","guid":{"rendered":"https:\/\/ipc.cv\/?post_type=noticias&#038;p=17870"},"modified":"2025-09-22T15:32:11","modified_gmt":"2025-09-22T16:32:11","slug":"ipc-recebe-financiamento-do-programa-acerca-da-aecid-para-formacao-em-museus-e-gestao-do-patrimonio-cultural-e-mudancas-climaticas","status":"publish","type":"noticias","link":"https:\/\/ipc.cv\/cv\/noticias\/ipc-recebe-financiamento-do-programa-acerca-da-aecid-para-formacao-em-museus-e-gestao-do-patrimonio-cultural-e-mudancas-climaticas\/","title":{"rendered":"IPC recebe financiamento do Programa ACERCA da AECID para forma\u00e7\u00e3o em Museus e Gest\u00e3o do Patrim\u00f3nio Cultural e mudan\u00e7as clim\u00e1ticas."},"content":{"rendered":"<p>O <a><\/a>Instituto do Patrim\u00f3nio Cultural (IPC), em colabora\u00e7\u00e3o com a Coopera\u00e7\u00e3o Espanhola (AECID), ir\u00e1 implementar, no segundo semestre do ano, um ciclo de forma\u00e7\u00f5es destinadas a fortalecer as compet\u00eancias t\u00e9cnicas dos profissionais do sector do Patrim\u00f3nio Cultural e dos Museus. Suportado pelo Programa ACERCA &#8211; Capacita\u00e7\u00e3o para o Desenvolvimento no Sector Cultural, esta iniciativa abrange 4 forma\u00e7\u00f5es distintas e priorit\u00e1rias no quadro do programa de prote\u00e7\u00e3o e valoriza\u00e7\u00e3o do Patrim\u00f3nio Hist\u00f3rico e Cultural<\/p>\n\n\n\n<p>1- Arqueologia Subaqu\u00e1tica,<\/p>\n\n\n\n<p>2- Gest\u00e3o do Patrim\u00f3nio Cultural em contexto de mudan\u00e7as clim\u00e1ticas e riscos,<\/p>\n\n\n\n<p>3- Invent\u00e1rio E digitaliza\u00e7\u00e3o de acervos,<\/p>\n\n\n\n<p>4- Acessibilidade em museus<\/p>\n\n\n\n<p>A iniciativa visa dotar os t\u00e9cnicos das institui\u00e7\u00f5es culturais de ferramentas, metodologias e conhecimentos atualizados que respondam aos desafios contempor\u00e2neos da salvaguarda, valoriza\u00e7\u00e3o e gest\u00e3o sustent\u00e1vel do patrim\u00f3nio.<\/p>\n\n\n\n<p>As \u00e1reas formativas foram orientadas por uma vis\u00e3o estrat\u00e9gica integrada do sector cultural. A arqueologia subaqu\u00e1tica, por exemplo, exige a continuidade na capacita\u00e7\u00e3o para a identifica\u00e7\u00e3o, registo e conserva\u00e7\u00e3o do patrim\u00f3nio submerso na sequ\u00eancia do I Chantier Ecole em Arqueologia Subaqu\u00e1tica realizado em junho de 2024.<\/p>\n\n\n\n<p>A forma\u00e7\u00e3o em Gest\u00e3o do Patrim\u00f3nio e mudan\u00e7as clim\u00e1ticas pretende contribuir para o processo da candidatura em curso do Campo de Concentra\u00e7\u00e3o do Tarrafal a Patrim\u00f3nio Mundial, respondo \u00e0 crescente exposi\u00e7\u00e3o dos bens culturais a fen\u00f3menos ambientais adversos. Complementarmente, as forma\u00e7\u00f5es em invent\u00e1rio e digitaliza\u00e7\u00e3o de acervos e Acessibilidades aos Museus tem por objetivo modernizar os processos de documenta\u00e7\u00e3o e garantir a que os museus sejam institui\u00e7\u00f5es de acesso universal, conforme a nova defini\u00e7\u00e3o adotada pelo ICOM, em agosto de 2022.<\/p>\n\n\n\n<p>A parceria com a Coopera\u00e7\u00e3o Espanhola, por meio do Programa ACERCA, representa um investimento estrat\u00e9gico na qualifica\u00e7\u00e3o dos recursos humanos e no fortalecimento das pol\u00edticas culturais alinhadas com os objetivos de Desenvolvimento Sustent\u00e1vel.<\/p>","protected":false},"excerpt":{"rendered":"<p>O Instituto do Patrim\u00f3nio Cultural (IPC), em colabora\u00e7\u00e3o com a Coopera\u00e7\u00e3o Espanhola (AECID), ir\u00e1 implementar, no segundo semestre do ano, um ciclo de forma\u00e7\u00f5es destinadas a fortalecer as compet\u00eancias t\u00e9cnicas dos profissionais do sector do Patrim\u00f3nio Cultural e dos Museus. Suportado pelo Programa ACERCA &#8211; Capacita\u00e7\u00e3o para o Desenvolvimento no Sector Cultural, esta iniciativa abrange [&hellip;]<\/p>\n","protected":false},"featured_media":17871,"template":"","meta":[],"tags":[],"class_list":["post-17870","noticias","type-noticias","status-publish","has-post-thumbnail","hentry"],"_links":{"self":[{"href":"https:\/\/ipc.cv\/cv\/wp-json\/wp\/v2\/noticias\/17870","targetHints":{"allow":["GET"]}}],"collection":[{"href":"https:\/\/ipc.cv\/cv\/wp-json\/wp\/v2\/noticias"}],"about":[{"href":"https:\/\/ipc.cv\/cv\/wp-json\/wp\/v2\/types\/noticias"}],"wp:featuredmedia":[{"embeddable":true,"href":"https:\/\/ipc.cv\/cv\/wp-json\/wp\/v2\/media\/17871"}],"wp:attachment":[{"href":"https:\/\/ipc.cv\/cv\/wp-json\/wp\/v2\/media?parent=17870"}],"wp:term":[{"taxonomy":"post_tag","embeddable":true,"href":"https:\/\/ipc.cv\/cv\/wp-json\/wp\/v2\/tags?post=17870"}],"curies":[{"name":"wp","href":"https:\/\/api.w.org\/{rel}","templated":true}]}}