{"id":17334,"date":"2025-03-06T10:08:00","date_gmt":"2025-03-06T11:08:00","guid":{"rendered":"https:\/\/ipc.cv\/?post_type=noticias&#038;p=17334"},"modified":"2025-05-02T10:13:17","modified_gmt":"2025-05-02T11:13:17","slug":"valorizacao-dos-farois-de-cabo-verde-inicio-da-intervencao-no-farol-fontes-pereira-de-melo","status":"publish","type":"noticias","link":"https:\/\/ipc.cv\/cv\/noticias\/valorizacao-dos-farois-de-cabo-verde-inicio-da-intervencao-no-farol-fontes-pereira-de-melo\/","title":{"rendered":"Valoriza\u00e7\u00e3o dos Far\u00f3is de Cabo Verde- In\u00edcio da interven\u00e7\u00e3o no Farol Fontes Pereira de Melo"},"content":{"rendered":"<p><a><\/a>As obras de reabilita\u00e7\u00e3o do Farol de Fontes Pereira de Melo, localizado na ponta nordeste da Ilha de Santo Ant\u00e3o, est\u00e3o oficialmente em andamento, no \u00e2mbito do projeto de valoriza\u00e7\u00e3o dos far\u00f3is de Cabo Verde, projeto de parceria entre o IPC e o IMP, financiado pela Coopera\u00e7\u00e3o Espanhola.<\/p>\n\n\n\n<p>Este \u00e9 o terceiro dos oito far\u00f3is do arquip\u00e9lago a ser reabilitado, numa iniciativa que visa preservar e revitalizar este patrim\u00f3nio hist\u00f3rico, garantindo a sua funcionalidade e contribuindo para a seguran\u00e7a da navega\u00e7\u00e3o. Est\u00e1 em curso a prepara\u00e7\u00e3o das paredes, repara\u00e7\u00e3o de fissuras que est\u00e3o a ser cuidadosamente tratadas para receberem uma nova pintura que respeite as caracter\u00edsticas originais da estrutura.<\/p>\n\n\n\n<figure class=\"wp-block-gallery has-nested-images columns-default is-cropped wp-block-gallery-1 is-layout-flex wp-block-gallery-is-layout-flex\">\n<figure class=\"wp-block-image size-large\"><img fetchpriority=\"high\" decoding=\"async\" width=\"768\" height=\"1024\" data-id=\"17335\" src=\"https:\/\/ipc.cv\/wp-content\/uploads\/2025\/05\/488567101_1108963151271454_5258159982507411688_n-768x1024.jpg\" alt=\"\" class=\"wp-image-17335\" srcset=\"https:\/\/ipc.cv\/wp-content\/uploads\/2025\/05\/488567101_1108963151271454_5258159982507411688_n-768x1024.jpg 768w, https:\/\/ipc.cv\/wp-content\/uploads\/2025\/05\/488567101_1108963151271454_5258159982507411688_n-225x300.jpg 225w, https:\/\/ipc.cv\/wp-content\/uploads\/2025\/05\/488567101_1108963151271454_5258159982507411688_n-9x12.jpg 9w, https:\/\/ipc.cv\/wp-content\/uploads\/2025\/05\/488567101_1108963151271454_5258159982507411688_n.jpg 960w\" sizes=\"(max-width: 768px) 100vw, 768px\" \/><\/figure>\n\n\n\n<figure class=\"wp-block-image size-large\"><img decoding=\"async\" width=\"1024\" height=\"768\" data-id=\"17337\" src=\"https:\/\/ipc.cv\/wp-content\/uploads\/2025\/05\/488538716_1108962497938186_6245232676926115828_n-1024x768.jpg\" alt=\"\" class=\"wp-image-17337\" srcset=\"https:\/\/ipc.cv\/wp-content\/uploads\/2025\/05\/488538716_1108962497938186_6245232676926115828_n-1024x768.jpg 1024w, https:\/\/ipc.cv\/wp-content\/uploads\/2025\/05\/488538716_1108962497938186_6245232676926115828_n-300x225.jpg 300w, https:\/\/ipc.cv\/wp-content\/uploads\/2025\/05\/488538716_1108962497938186_6245232676926115828_n-768x576.jpg 768w, https:\/\/ipc.cv\/wp-content\/uploads\/2025\/05\/488538716_1108962497938186_6245232676926115828_n-16x12.jpg 16w, https:\/\/ipc.cv\/wp-content\/uploads\/2025\/05\/488538716_1108962497938186_6245232676926115828_n.jpg 1280w\" sizes=\"(max-width: 1024px) 100vw, 1024px\" \/><\/figure>\n\n\n\n<figure class=\"wp-block-image size-large\"><img decoding=\"async\" width=\"1024\" height=\"768\" data-id=\"17336\" src=\"https:\/\/ipc.cv\/wp-content\/uploads\/2025\/05\/489159849_1108960737938362_6878348708435932726_n-1024x768.jpg\" alt=\"\" class=\"wp-image-17336\" srcset=\"https:\/\/ipc.cv\/wp-content\/uploads\/2025\/05\/489159849_1108960737938362_6878348708435932726_n-1024x768.jpg 1024w, https:\/\/ipc.cv\/wp-content\/uploads\/2025\/05\/489159849_1108960737938362_6878348708435932726_n-300x225.jpg 300w, https:\/\/ipc.cv\/wp-content\/uploads\/2025\/05\/489159849_1108960737938362_6878348708435932726_n-768x576.jpg 768w, https:\/\/ipc.cv\/wp-content\/uploads\/2025\/05\/489159849_1108960737938362_6878348708435932726_n-16x12.jpg 16w, https:\/\/ipc.cv\/wp-content\/uploads\/2025\/05\/489159849_1108960737938362_6878348708435932726_n.jpg 1280w\" sizes=\"(max-width: 1024px) 100vw, 1024px\" \/><\/figure>\n<\/figure>\n\n\n\n<p>Com esta reabilita\u00e7\u00e3o, espera-se que o farol recupere a sua impon\u00eancia e continue a desempenhar um papel essencial na navega\u00e7\u00e3o, al\u00e9m de refor\u00e7ar o compromisso com a preserva\u00e7\u00e3o do patrim\u00f3nio e a promo\u00e7\u00e3o do turismo sustent\u00e1vel.<\/p>\n\n\n\n<p>A interven\u00e7\u00e3o abrange reabilita\u00e7\u00e3o integral do monumento, a incorpora\u00e7\u00e3o de um Centro Interpretativo e outros espa\u00e7os de lazer e frui\u00e7\u00e3o.<\/p>\n\n\n\n<figure class=\"wp-block-gallery has-nested-images columns-default is-cropped wp-block-gallery-2 is-layout-flex wp-block-gallery-is-layout-flex\">\n<figure class=\"wp-block-image size-large\"><img loading=\"lazy\" decoding=\"async\" width=\"1024\" height=\"768\" data-id=\"17338\" src=\"https:\/\/ipc.cv\/wp-content\/uploads\/2025\/05\/488254452_1108960497938386_4198863803165340892_n-1024x768.jpg\" alt=\"\" class=\"wp-image-17338\" srcset=\"https:\/\/ipc.cv\/wp-content\/uploads\/2025\/05\/488254452_1108960497938386_4198863803165340892_n-1024x768.jpg 1024w, https:\/\/ipc.cv\/wp-content\/uploads\/2025\/05\/488254452_1108960497938386_4198863803165340892_n-300x225.jpg 300w, https:\/\/ipc.cv\/wp-content\/uploads\/2025\/05\/488254452_1108960497938386_4198863803165340892_n-768x576.jpg 768w, https:\/\/ipc.cv\/wp-content\/uploads\/2025\/05\/488254452_1108960497938386_4198863803165340892_n-16x12.jpg 16w, https:\/\/ipc.cv\/wp-content\/uploads\/2025\/05\/488254452_1108960497938386_4198863803165340892_n.jpg 1280w\" sizes=\"(max-width: 1024px) 100vw, 1024px\" \/><\/figure>\n\n\n\n<figure class=\"wp-block-image size-large\"><img loading=\"lazy\" decoding=\"async\" width=\"768\" height=\"1024\" data-id=\"17339\" src=\"https:\/\/ipc.cv\/wp-content\/uploads\/2025\/05\/488642712_1108960281271741_79372917978182475_n-768x1024.jpg\" alt=\"\" class=\"wp-image-17339\" srcset=\"https:\/\/ipc.cv\/wp-content\/uploads\/2025\/05\/488642712_1108960281271741_79372917978182475_n-768x1024.jpg 768w, https:\/\/ipc.cv\/wp-content\/uploads\/2025\/05\/488642712_1108960281271741_79372917978182475_n-225x300.jpg 225w, https:\/\/ipc.cv\/wp-content\/uploads\/2025\/05\/488642712_1108960281271741_79372917978182475_n-9x12.jpg 9w, https:\/\/ipc.cv\/wp-content\/uploads\/2025\/05\/488642712_1108960281271741_79372917978182475_n.jpg 960w\" sizes=\"(max-width: 768px) 100vw, 768px\" \/><\/figure>\n\n\n\n<figure class=\"wp-block-image size-large\"><img loading=\"lazy\" decoding=\"async\" width=\"1024\" height=\"768\" data-id=\"17340\" src=\"https:\/\/ipc.cv\/wp-content\/uploads\/2025\/05\/488222581_1108964661271303_8887259779722242144_n-1024x768.jpg\" alt=\"\" class=\"wp-image-17340\" srcset=\"https:\/\/ipc.cv\/wp-content\/uploads\/2025\/05\/488222581_1108964661271303_8887259779722242144_n-1024x768.jpg 1024w, https:\/\/ipc.cv\/wp-content\/uploads\/2025\/05\/488222581_1108964661271303_8887259779722242144_n-300x225.jpg 300w, https:\/\/ipc.cv\/wp-content\/uploads\/2025\/05\/488222581_1108964661271303_8887259779722242144_n-768x576.jpg 768w, https:\/\/ipc.cv\/wp-content\/uploads\/2025\/05\/488222581_1108964661271303_8887259779722242144_n-16x12.jpg 16w, https:\/\/ipc.cv\/wp-content\/uploads\/2025\/05\/488222581_1108964661271303_8887259779722242144_n.jpg 1280w\" sizes=\"(max-width: 1024px) 100vw, 1024px\" \/><\/figure>\n<\/figure>","protected":false},"excerpt":{"rendered":"<p>As obras de reabilita\u00e7\u00e3o do Farol de Fontes Pereira de Melo, localizado na ponta nordeste da Ilha de Santo Ant\u00e3o, est\u00e3o oficialmente em andamento, no \u00e2mbito do projeto de valoriza\u00e7\u00e3o dos far\u00f3is de Cabo Verde, projeto de parceria entre o IPC e o IMP, financiado pela Coopera\u00e7\u00e3o Espanhola. Este \u00e9 o terceiro dos oito far\u00f3is [&hellip;]<\/p>\n","protected":false},"featured_media":17341,"template":"","meta":[],"tags":[],"class_list":["post-17334","noticias","type-noticias","status-publish","has-post-thumbnail","hentry"],"_links":{"self":[{"href":"https:\/\/ipc.cv\/cv\/wp-json\/wp\/v2\/noticias\/17334","targetHints":{"allow":["GET"]}}],"collection":[{"href":"https:\/\/ipc.cv\/cv\/wp-json\/wp\/v2\/noticias"}],"about":[{"href":"https:\/\/ipc.cv\/cv\/wp-json\/wp\/v2\/types\/noticias"}],"wp:featuredmedia":[{"embeddable":true,"href":"https:\/\/ipc.cv\/cv\/wp-json\/wp\/v2\/media\/17341"}],"wp:attachment":[{"href":"https:\/\/ipc.cv\/cv\/wp-json\/wp\/v2\/media?parent=17334"}],"wp:term":[{"taxonomy":"post_tag","embeddable":true,"href":"https:\/\/ipc.cv\/cv\/wp-json\/wp\/v2\/tags?post=17334"}],"curies":[{"name":"wp","href":"https:\/\/api.w.org\/{rel}","templated":true}]}}